{"id":7305,"date":"2023-02-28T11:10:07","date_gmt":"2023-02-28T10:10:07","guid":{"rendered":"https:\/\/www.sp11.gliwice.pl\/?p=7305"},"modified":"2023-02-28T13:55:04","modified_gmt":"2023-02-28T12:55:04","slug":"warto-byc-przyzwoitym-konkurs-na-opowiadanie","status":"publish","type":"post","link":"https:\/\/www.sp11.gliwice.pl\/?p=7305","title":{"rendered":"\u201eWarto by\u0107 przyzwoitym\u201d &#8211; Konkurs na opowiadanie."},"content":{"rendered":"<article class=\"article\">\n<div class=\"article_content\">\n<div class=\"clearfix text-formatted field field--name-body field--type-text-with-summary field--label-hidden field__item\">\n<p><span style=\"color: #000000;\">\u201eWarto by\u0107 przyzwoitym\u201d \u2013 te s\u0142owa W\u0142adys\u0142awa Bartoszewskiego by\u0142y inspiracj\u0105 w konkursie literackim dla uczni\u00f3w szk\u00f3\u0142 podstawowych organizowanym przez senatora RP Zygmunta Frankiewicza. <\/span><\/p>\n<p><span style=\"color: #000000;\">Pi\u0119kne opowiadania inspirowane mottem historyka i dzia\u0142acza spo\u0142ecznego napisa\u0142y nasze uczennice: <\/span><br \/>\n<span style=\"color: #000000;\">Wiktoria Dr\u0105\u017cczak<\/span><br \/>\n<span style=\"color: #000000;\">Amelia Gr\u0105dkowska<\/span><br \/>\n<span style=\"color: #000000;\">\u0141ucja Pia\u015bci\u0144ska<\/span><br \/>\n<span style=\"color: #000000;\">Martyna Zorn<\/span><\/p>\n<p><span style=\"color: #000000;\">Serdecznie gratulujemy i \u017cyczymy dalszych sukces\u00f3w \ud83d\ude42 <\/span><\/p>\nngg_shortcode_0_placeholder\n<\/div>\n<\/div>\n<\/article>\n","protected":false},"excerpt":{"rendered":"<p>\u201eWarto by\u0107 przyzwoitym\u201d \u2013 te s\u0142owa W\u0142adys\u0142awa Bartoszewskiego by\u0142y inspiracj\u0105 w konkursie literackim dla uczni\u00f3w szk\u00f3\u0142 podstawowych organizowanym przez senatora RP Zygmunta Frankiewicza. Pi\u0119kne opowiadania [&hellip;]<\/p>\n","protected":false},"author":3,"featured_media":7309,"comment_status":"closed","ping_status":"closed","sticky":false,"template":"","format":"standard","meta":{"ngg_post_thumbnail":0,"footnotes":""},"categories":[4],"tags":[],"class_list":["post-7305","post","type-post","status-publish","format-standard","has-post-thumbnail","hentry","category-aktualnosci"],"_links":{"self":[{"href":"https:\/\/www.sp11.gliwice.pl\/index.php?rest_route=\/wp\/v2\/posts\/7305","targetHints":{"allow":["GET"]}}],"collection":[{"href":"https:\/\/www.sp11.gliwice.pl\/index.php?rest_route=\/wp\/v2\/posts"}],"about":[{"href":"https:\/\/www.sp11.gliwice.pl\/index.php?rest_route=\/wp\/v2\/types\/post"}],"author":[{"embeddable":true,"href":"https:\/\/www.sp11.gliwice.pl\/index.php?rest_route=\/wp\/v2\/users\/3"}],"replies":[{"embeddable":true,"href":"https:\/\/www.sp11.gliwice.pl\/index.php?rest_route=%2Fwp%2Fv2%2Fcomments&post=7305"}],"version-history":[{"count":1,"href":"https:\/\/www.sp11.gliwice.pl\/index.php?rest_route=\/wp\/v2\/posts\/7305\/revisions"}],"predecessor-version":[{"id":7307,"href":"https:\/\/www.sp11.gliwice.pl\/index.php?rest_route=\/wp\/v2\/posts\/7305\/revisions\/7307"}],"wp:featuredmedia":[{"embeddable":true,"href":"https:\/\/www.sp11.gliwice.pl\/index.php?rest_route=\/wp\/v2\/media\/7309"}],"wp:attachment":[{"href":"https:\/\/www.sp11.gliwice.pl\/index.php?rest_route=%2Fwp%2Fv2%2Fmedia&parent=7305"}],"wp:term":[{"taxonomy":"category","embeddable":true,"href":"https:\/\/www.sp11.gliwice.pl\/index.php?rest_route=%2Fwp%2Fv2%2Fcategories&post=7305"},{"taxonomy":"post_tag","embeddable":true,"href":"https:\/\/www.sp11.gliwice.pl\/index.php?rest_route=%2Fwp%2Fv2%2Ftags&post=7305"}],"curies":[{"name":"wp","href":"https:\/\/api.w.org\/{rel}","templated":true}]}}