{"id":7295,"date":"2023-02-27T18:39:34","date_gmt":"2023-02-27T17:39:34","guid":{"rendered":"https:\/\/www.sp11.gliwice.pl\/?p=7295"},"modified":"2023-02-27T18:40:28","modified_gmt":"2023-02-27T17:40:28","slug":"dzien-dinozaura-w-przedszkolu","status":"publish","type":"post","link":"https:\/\/www.sp11.gliwice.pl\/?p=7295","title":{"rendered":"DZIE\u0143 DINOZAURA W PRZEDSZKOLU :)"},"content":{"rendered":"<p>&nbsp;&nbsp;&nbsp;&nbsp;&nbsp;<span style=\"color: #000000;\">&nbsp; 26 lutego obchodzimy \u015awiatowy Dzie\u0144 Dinozaura, kt\u00f3ry stwarza wspania\u0142\u0105 okazj\u0119 do przybli\u017cenia dzieciom tych prehistorycznych zwierz\u0105t.<br \/>\n<\/span><span style=\"color: #000000;\">Dzi\u015b ( 27 lutego ) obchodzili\u015bmy \u015bwi\u0119to znanych, prehistorycznych stworze\u0144.<\/span><\/p>\n<p><span style=\"color: #000000;\">Dzieci pozna\u0142y histori\u0119 dinozaur\u00f3w, dowiedzia\u0142y si\u0119 kiedy \u017cy\u0142y, czym si\u0119 \u017cywi\u0142y i jak wygl\u0105da\u0142y. Rozmawiali\u015bmy na temat pracy paleontologa i wsp\u00f3lnie dokonali\u015bmy ,,wykopalisk&#8221; dzi\u0119ki kt\u00f3rym zobaczyli\u015bmy jak wygl\u0105daj\u0105 szkielety niekt\u00f3rych dinozaur\u00f3w. &nbsp; Obejrzeli\u015bmy film edukacyjny przedstawiaj\u0105cy histori\u0119 funkcjonowania dinozaur\u00f3w, ich cechy i gatunki. Jak si\u0119 okaza\u0142o trudne nazwy niekt\u00f3rych z nich nie s\u0105 straszne dla naszych przedszkolak\u00f3w, wszyscy sobie z nimi poradzili.<\/span><\/p>\n<p><span style=\"color: #000000;\">Na zako\u0144czenie dzisiejszego dnia, przedszkolaki otrzyma\u0142y okoliczno\u015bciowy dyplomik.<\/span><\/p>\n<p><span style=\"color: #000000;\">Wszystkim dzieciom i Rodzicom dzi\u0119kujemy za &nbsp;przyniesienia zabawkowych dinozaur\u00f3w, wspania\u0142ych album\u00f3w, ksi\u0105\u017cek. \ud83d\ude42<\/span><\/p>\n<p style=\"text-align: right;\"><em>mgr Cecylia Pierzcha\u0142a<\/em><\/p>\nngg_shortcode_0_placeholder\n","protected":false},"excerpt":{"rendered":"<p>&nbsp;&nbsp;&nbsp;&nbsp;&nbsp;&nbsp; 26 lutego obchodzimy \u015awiatowy Dzie\u0144 Dinozaura, kt\u00f3ry stwarza wspania\u0142\u0105 okazj\u0119 do przybli\u017cenia dzieciom tych prehistorycznych zwierz\u0105t. Dzi\u015b ( 27 lutego ) obchodzili\u015bmy \u015bwi\u0119to znanych, [&hellip;]<\/p>\n","protected":false},"author":3,"featured_media":7296,"comment_status":"closed","ping_status":"closed","sticky":false,"template":"","format":"standard","meta":{"ngg_post_thumbnail":0,"footnotes":""},"categories":[4],"tags":[],"class_list":["post-7295","post","type-post","status-publish","format-standard","has-post-thumbnail","hentry","category-aktualnosci"],"_links":{"self":[{"href":"https:\/\/www.sp11.gliwice.pl\/index.php?rest_route=\/wp\/v2\/posts\/7295","targetHints":{"allow":["GET"]}}],"collection":[{"href":"https:\/\/www.sp11.gliwice.pl\/index.php?rest_route=\/wp\/v2\/posts"}],"about":[{"href":"https:\/\/www.sp11.gliwice.pl\/index.php?rest_route=\/wp\/v2\/types\/post"}],"author":[{"embeddable":true,"href":"https:\/\/www.sp11.gliwice.pl\/index.php?rest_route=\/wp\/v2\/users\/3"}],"replies":[{"embeddable":true,"href":"https:\/\/www.sp11.gliwice.pl\/index.php?rest_route=%2Fwp%2Fv2%2Fcomments&post=7295"}],"version-history":[{"count":2,"href":"https:\/\/www.sp11.gliwice.pl\/index.php?rest_route=\/wp\/v2\/posts\/7295\/revisions"}],"predecessor-version":[{"id":7298,"href":"https:\/\/www.sp11.gliwice.pl\/index.php?rest_route=\/wp\/v2\/posts\/7295\/revisions\/7298"}],"wp:featuredmedia":[{"embeddable":true,"href":"https:\/\/www.sp11.gliwice.pl\/index.php?rest_route=\/wp\/v2\/media\/7296"}],"wp:attachment":[{"href":"https:\/\/www.sp11.gliwice.pl\/index.php?rest_route=%2Fwp%2Fv2%2Fmedia&parent=7295"}],"wp:term":[{"taxonomy":"category","embeddable":true,"href":"https:\/\/www.sp11.gliwice.pl\/index.php?rest_route=%2Fwp%2Fv2%2Fcategories&post=7295"},{"taxonomy":"post_tag","embeddable":true,"href":"https:\/\/www.sp11.gliwice.pl\/index.php?rest_route=%2Fwp%2Fv2%2Ftags&post=7295"}],"curies":[{"name":"wp","href":"https:\/\/api.w.org\/{rel}","templated":true}]}}