{"id":7218,"date":"2023-02-23T11:45:50","date_gmt":"2023-02-23T10:45:50","guid":{"rendered":"https:\/\/www.sp11.gliwice.pl\/?p=7218"},"modified":"2023-02-23T11:45:50","modified_gmt":"2023-02-23T10:45:50","slug":"filmowo-dzien-babci-i-dziadka","status":"publish","type":"post","link":"https:\/\/www.sp11.gliwice.pl\/?p=7218","title":{"rendered":"Filmowo Dzie\u0144 Babci i Dziadka :)"},"content":{"rendered":"<p><span style=\"color: #000000;\">Grupa Kubusi\u00f3w Puchatk\u00f3w oraz Motylk\u00f3w z okazji Dnia Babci i Dnia Dziadka przygotowa\u0142a uroczysty wst\u0119p. Zapraszamy do ogl\u0105dania !<\/span><\/p>\n<p><span style=\"color: #000000;\">Do nagrania wykorzystano aparat z naszego szkolnego #Laboratorium Przysz\u0142o\u015bci.<\/span><\/p>\n<p><a href=\"https:\/\/www.youtube.com\/watch?v=WJxaDY8UidU\" target=\"_blank\" rel=\"noopener noreferrer\">https:\/\/www.youtube.com\/watch?v=WJxaDY8UidU<\/a><\/p>\n<p style=\"text-align: right;\"><em>mgr Katarzyna P\u0142onka<\/em><\/p>\n","protected":false},"excerpt":{"rendered":"<p>Grupa Kubusi\u00f3w Puchatk\u00f3w oraz Motylk\u00f3w z okazji Dnia Babci i Dnia Dziadka przygotowa\u0142a uroczysty wst\u0119p. Zapraszamy do ogl\u0105dania ! Do nagrania wykorzystano aparat z naszego [&hellip;]<\/p>\n","protected":false},"author":3,"featured_media":7219,"comment_status":"closed","ping_status":"closed","sticky":false,"template":"","format":"standard","meta":{"ngg_post_thumbnail":0,"footnotes":""},"categories":[4],"tags":[],"class_list":["post-7218","post","type-post","status-publish","format-standard","has-post-thumbnail","hentry","category-aktualnosci"],"_links":{"self":[{"href":"https:\/\/www.sp11.gliwice.pl\/index.php?rest_route=\/wp\/v2\/posts\/7218","targetHints":{"allow":["GET"]}}],"collection":[{"href":"https:\/\/www.sp11.gliwice.pl\/index.php?rest_route=\/wp\/v2\/posts"}],"about":[{"href":"https:\/\/www.sp11.gliwice.pl\/index.php?rest_route=\/wp\/v2\/types\/post"}],"author":[{"embeddable":true,"href":"https:\/\/www.sp11.gliwice.pl\/index.php?rest_route=\/wp\/v2\/users\/3"}],"replies":[{"embeddable":true,"href":"https:\/\/www.sp11.gliwice.pl\/index.php?rest_route=%2Fwp%2Fv2%2Fcomments&post=7218"}],"version-history":[{"count":1,"href":"https:\/\/www.sp11.gliwice.pl\/index.php?rest_route=\/wp\/v2\/posts\/7218\/revisions"}],"predecessor-version":[{"id":7220,"href":"https:\/\/www.sp11.gliwice.pl\/index.php?rest_route=\/wp\/v2\/posts\/7218\/revisions\/7220"}],"wp:featuredmedia":[{"embeddable":true,"href":"https:\/\/www.sp11.gliwice.pl\/index.php?rest_route=\/wp\/v2\/media\/7219"}],"wp:attachment":[{"href":"https:\/\/www.sp11.gliwice.pl\/index.php?rest_route=%2Fwp%2Fv2%2Fmedia&parent=7218"}],"wp:term":[{"taxonomy":"category","embeddable":true,"href":"https:\/\/www.sp11.gliwice.pl\/index.php?rest_route=%2Fwp%2Fv2%2Fcategories&post=7218"},{"taxonomy":"post_tag","embeddable":true,"href":"https:\/\/www.sp11.gliwice.pl\/index.php?rest_route=%2Fwp%2Fv2%2Ftags&post=7218"}],"curies":[{"name":"wp","href":"https:\/\/api.w.org\/{rel}","templated":true}]}}