{"id":7214,"date":"2023-02-23T11:31:38","date_gmt":"2023-02-23T10:31:38","guid":{"rendered":"https:\/\/www.sp11.gliwice.pl\/?p=7214"},"modified":"2023-02-23T11:32:46","modified_gmt":"2023-02-23T10:32:46","slug":"laureatka-antologii-poezji-dzieciecej-i-mlodziezowej","status":"publish","type":"post","link":"https:\/\/www.sp11.gliwice.pl\/?p=7214","title":{"rendered":"Laureatka Wojew\u00f3dzkiego Konkursu Poetyckiego :)"},"content":{"rendered":"<div class=\"\" dir=\"auto\">\n<div id=\"jsc_c_86\" class=\"x1iorvi4 x1pi30zi x1swvt13 x1l90r2v\" data-ad-comet-preview=\"message\" data-ad-preview=\"message\">\n<div class=\"x78zum5 xdt5ytf xz62fqu x16ldp7u\">\n<div class=\"xu06os2 x1ok221b\">\n<div class=\"x11i5rnm xat24cr x1mh8g0r x1vvkbs xdj266r x126k92a\">\n<div dir=\"auto\"><span style=\"color: #000000;\">Cudowne przes\u0142anie dla \u015bwiata ma Klaudia Dr\u0105\u017cczak, kt\u00f3ra odnios\u0142a wielki sukces w Wojew\u00f3dzkim Konkursie Poetyckim dla szk\u00f3\u0142 podstawowych i ponadpodstawowych pod Patronatem Marsza\u0142ka Wojew\u00f3dztwa \u015al\u0105skiego, Prezydenta Miasta Zabrza i Fundacji Wis\u0142awy Szymborskiej<span class=\"x3nfvp2 x1j61x8r x1fcty0u xdj266r xhhsvwb xat24cr xgzva0m xxymvpz xlup9mm x1kky2od\"><img decoding=\"async\" src=\"https:\/\/static.xx.fbcdn.net\/images\/emoji.php\/v9\/t27\/1.5\/16\/1f600.png\" alt=\"\ud83d\ude00\" width=\"16\" height=\"16\"><\/span><\/span><\/div>\n<div dir=\"auto\"><span style=\"color: #000000;\">Jej wiersz zosta\u0142 pod tytu\u0142em ,, Id\u0119&#8230;\u201d zosta\u0142 opublikowany w XIX tomie Antologii Poezji Dzieci\u0119cej i M\u0142odzie\u017cowej.<\/span><\/div>\n<div dir=\"auto\"><span style=\"color: #000000;\">Serdecznie gratulujemy Klaudia i \u017cyczymy dalszych sukces\u00f3w <span class=\"x3nfvp2 x1j61x8r x1fcty0u xdj266r xhhsvwb xat24cr xgzva0m xxymvpz xlup9mm x1kky2od\"><img decoding=\"async\" src=\"https:\/\/static.xx.fbcdn.net\/images\/emoji.php\/v9\/t27\/1.5\/16\/1f600.png\" alt=\"\ud83d\ude00\" width=\"16\" height=\"16\"><\/span><\/span><\/div>\n<div dir=\"auto\"><span style=\"color: #000000;\">Laureatk\u0119 wspomaga\u0142 nauczyciel j\u0119zyka polskiego Pani Izabella Jureczko- BRAWO Pani Izo<span class=\"x3nfvp2 x1j61x8r x1fcty0u xdj266r xhhsvwb xat24cr xgzva0m xxymvpz xlup9mm x1kky2od\"><img decoding=\"async\" src=\"https:\/\/static.xx.fbcdn.net\/images\/emoji.php\/v9\/t27\/1.5\/16\/1f600.png\" alt=\"\ud83d\ude00\" width=\"16\" height=\"16\"><\/span><\/span><\/div>\n<div dir=\"auto\" style=\"text-align: right;\"><em>Dyrektor Wojciech Kijewski<\/em><\/div>\n<div dir=\"auto\">ngg_shortcode_0_placeholder<\/div>\n<\/div>\n<\/div>\n<\/div>\n<\/div>\n<\/div>\n","protected":false},"excerpt":{"rendered":"<p>Cudowne przes\u0142anie dla \u015bwiata ma Klaudia Dr\u0105\u017cczak, kt\u00f3ra odnios\u0142a wielki sukces w Wojew\u00f3dzkim Konkursie Poetyckim dla szk\u00f3\u0142 podstawowych i ponadpodstawowych pod Patronatem Marsza\u0142ka Wojew\u00f3dztwa \u015al\u0105skiego, [&hellip;]<\/p>\n","protected":false},"author":3,"featured_media":7215,"comment_status":"closed","ping_status":"closed","sticky":false,"template":"","format":"standard","meta":{"ngg_post_thumbnail":0,"footnotes":""},"categories":[4],"tags":[],"class_list":["post-7214","post","type-post","status-publish","format-standard","has-post-thumbnail","hentry","category-aktualnosci"],"_links":{"self":[{"href":"https:\/\/www.sp11.gliwice.pl\/index.php?rest_route=\/wp\/v2\/posts\/7214","targetHints":{"allow":["GET"]}}],"collection":[{"href":"https:\/\/www.sp11.gliwice.pl\/index.php?rest_route=\/wp\/v2\/posts"}],"about":[{"href":"https:\/\/www.sp11.gliwice.pl\/index.php?rest_route=\/wp\/v2\/types\/post"}],"author":[{"embeddable":true,"href":"https:\/\/www.sp11.gliwice.pl\/index.php?rest_route=\/wp\/v2\/users\/3"}],"replies":[{"embeddable":true,"href":"https:\/\/www.sp11.gliwice.pl\/index.php?rest_route=%2Fwp%2Fv2%2Fcomments&post=7214"}],"version-history":[{"count":2,"href":"https:\/\/www.sp11.gliwice.pl\/index.php?rest_route=\/wp\/v2\/posts\/7214\/revisions"}],"predecessor-version":[{"id":7217,"href":"https:\/\/www.sp11.gliwice.pl\/index.php?rest_route=\/wp\/v2\/posts\/7214\/revisions\/7217"}],"wp:featuredmedia":[{"embeddable":true,"href":"https:\/\/www.sp11.gliwice.pl\/index.php?rest_route=\/wp\/v2\/media\/7215"}],"wp:attachment":[{"href":"https:\/\/www.sp11.gliwice.pl\/index.php?rest_route=%2Fwp%2Fv2%2Fmedia&parent=7214"}],"wp:term":[{"taxonomy":"category","embeddable":true,"href":"https:\/\/www.sp11.gliwice.pl\/index.php?rest_route=%2Fwp%2Fv2%2Fcategories&post=7214"},{"taxonomy":"post_tag","embeddable":true,"href":"https:\/\/www.sp11.gliwice.pl\/index.php?rest_route=%2Fwp%2Fv2%2Ftags&post=7214"}],"curies":[{"name":"wp","href":"https:\/\/api.w.org\/{rel}","templated":true}]}}