{"id":7204,"date":"2023-02-21T20:30:25","date_gmt":"2023-02-21T19:30:25","guid":{"rendered":"https:\/\/www.sp11.gliwice.pl\/?p=7204"},"modified":"2023-02-21T20:30:25","modified_gmt":"2023-02-21T19:30:25","slug":"bal-karnawalowy","status":"publish","type":"post","link":"https:\/\/www.sp11.gliwice.pl\/?p=7204","title":{"rendered":"Bal Karnawa\u0142owy"},"content":{"rendered":"<p><span style=\"color: #000000;\">Karnawa\u0142 to wspania\u0142y okres zimowych bal\u00f3w, zabaw, a tak\u017ce nieod\u0142\u0105czny element dzieci\u0144stwa. Jest on atrakcyjn\u0105 i bardzo lubian\u0105 przez dzieci form\u0105 rozrywki, dostarcza wielu prze\u017cy\u0107, rado\u015bci i zadowolenia. Tak te\u017c by\u0142o i w Naszym Przedszkolu. Wszystkie sale przedszkolne zosta\u0142y przygotowane i udekorowane na to wyj\u0105tkowe wydarzenie &#8211; kolorowymi balonami, serpentynami, girlandami. Na balu pojawi\u0142y si\u0119 postacie z ulubionych bajek, ksi\u0119\u017cniczki, spidermany, wr\u00f3\u017cki i wiele innych ciekawych kreacji. Po prezentacji stroj\u00f3w rozpocz\u0119\u0142y si\u0119 ta\u0144ce, w rytm skocznej muzyki, oraz r\u00f3\u017cne zabawy specjalnie przygotowane przez nauczycieli na t\u0105 wyj\u0105tkow\u0105 okazj\u0119. Dzieci mog\u0142y \u015bwi\u0119towa\u0107 i integrowa\u0107 si\u0119 w swoich grupach r\u00f3wnie\u017c przy s\u0142odkim pocz\u0119stunku. Zabawa dostarczy\u0142a dzieciom wiele rado\u015bci, przyjemno\u015bci i niezapomnianych chwil, kt\u00f3re na d\u0142ugo pozostaj\u0105 w ich pami\u0119ci. Dzi\u0119kujemy dzieciom i rodzicom za zaanga\u017cowanie w przygotowanie pi\u0119knych stroj\u00f3w! \ud83d\ude42<br \/>\n<\/span><\/p>\n<p style=\"text-align: right;\"><em>mgr Katarzyna P\u0142onka<\/em><\/p>\nngg_shortcode_0_placeholder\n","protected":false},"excerpt":{"rendered":"<p>Karnawa\u0142 to wspania\u0142y okres zimowych bal\u00f3w, zabaw, a tak\u017ce nieod\u0142\u0105czny element dzieci\u0144stwa. Jest on atrakcyjn\u0105 i bardzo lubian\u0105 przez dzieci form\u0105 rozrywki, dostarcza wielu prze\u017cy\u0107, [&hellip;]<\/p>\n","protected":false},"author":3,"featured_media":7205,"comment_status":"closed","ping_status":"closed","sticky":false,"template":"","format":"standard","meta":{"ngg_post_thumbnail":0,"footnotes":""},"categories":[4],"tags":[],"class_list":["post-7204","post","type-post","status-publish","format-standard","has-post-thumbnail","hentry","category-aktualnosci"],"_links":{"self":[{"href":"https:\/\/www.sp11.gliwice.pl\/index.php?rest_route=\/wp\/v2\/posts\/7204","targetHints":{"allow":["GET"]}}],"collection":[{"href":"https:\/\/www.sp11.gliwice.pl\/index.php?rest_route=\/wp\/v2\/posts"}],"about":[{"href":"https:\/\/www.sp11.gliwice.pl\/index.php?rest_route=\/wp\/v2\/types\/post"}],"author":[{"embeddable":true,"href":"https:\/\/www.sp11.gliwice.pl\/index.php?rest_route=\/wp\/v2\/users\/3"}],"replies":[{"embeddable":true,"href":"https:\/\/www.sp11.gliwice.pl\/index.php?rest_route=%2Fwp%2Fv2%2Fcomments&post=7204"}],"version-history":[{"count":1,"href":"https:\/\/www.sp11.gliwice.pl\/index.php?rest_route=\/wp\/v2\/posts\/7204\/revisions"}],"predecessor-version":[{"id":7206,"href":"https:\/\/www.sp11.gliwice.pl\/index.php?rest_route=\/wp\/v2\/posts\/7204\/revisions\/7206"}],"wp:featuredmedia":[{"embeddable":true,"href":"https:\/\/www.sp11.gliwice.pl\/index.php?rest_route=\/wp\/v2\/media\/7205"}],"wp:attachment":[{"href":"https:\/\/www.sp11.gliwice.pl\/index.php?rest_route=%2Fwp%2Fv2%2Fmedia&parent=7204"}],"wp:term":[{"taxonomy":"category","embeddable":true,"href":"https:\/\/www.sp11.gliwice.pl\/index.php?rest_route=%2Fwp%2Fv2%2Fcategories&post=7204"},{"taxonomy":"post_tag","embeddable":true,"href":"https:\/\/www.sp11.gliwice.pl\/index.php?rest_route=%2Fwp%2Fv2%2Ftags&post=7204"}],"curies":[{"name":"wp","href":"https:\/\/api.w.org\/{rel}","templated":true}]}}