{"id":7179,"date":"2023-02-17T21:47:11","date_gmt":"2023-02-17T20:47:11","guid":{"rendered":"https:\/\/www.sp11.gliwice.pl\/?p=7179"},"modified":"2023-02-17T21:47:11","modified_gmt":"2023-02-17T20:47:11","slug":"tlusty-czwartek-w-przedszkolu","status":"publish","type":"post","link":"https:\/\/www.sp11.gliwice.pl\/?p=7179","title":{"rendered":"T\u0142usty czwartek w przedszkolu :)"},"content":{"rendered":"<p>&nbsp;&nbsp;&nbsp;&nbsp;&nbsp;&nbsp;&nbsp;&nbsp;&nbsp;&nbsp;&nbsp;&nbsp;&nbsp;&nbsp;&nbsp;<span style=\"color: #000000;\">&nbsp;&nbsp;&nbsp;&nbsp;&nbsp;&nbsp;&nbsp;&nbsp;&nbsp;&nbsp;&nbsp;&nbsp;&nbsp;&nbsp; <strong><em>T\u0141USTY&nbsp; CZWARTEK&nbsp; W&nbsp; PRZEDSZKOLU<\/em><\/strong><\/span><\/p>\n<p><span style=\"color: #000000;\">&nbsp;&nbsp;&nbsp;&nbsp;&nbsp; Wed\u0142ug zwyczaju, aby zapewni\u0107 sobie szcz\u0119\u015bcie i powodzenie na ca\u0142y najbli\u017cszy rok, ka\u017cdy z nas powinien tego dnia zje\u015b\u0107 przynajmniej jednego p\u0105czka, a \u017ce tradycja rzecz \u015bwi\u0119ta robili\u015bmy wszystko zgodnie z jej nakazami.<\/span><\/p>\n<p>&nbsp;&nbsp;<span style=\"color: #993300;\">&nbsp; &#8221; Taki ma\u0142y, taki du\u017cy mo\u017ce p\u0105czki je\u015b\u0107,<\/span><br \/>\n<span style=\"color: #993300;\">Tak i chudy, tak i gruby, mo\u017ce p\u0105czki je\u015b\u0107,<\/span><br \/>\n<span style=\"color: #993300;\">Tak i ja, &nbsp;tak i ty, mo\u017ce p\u0105czki je\u015b\u0107,<\/span><\/p>\n<p><span style=\"color: #993300;\">&nbsp;&nbsp;&nbsp;&nbsp; P\u0105czki dla ka\u017cdego, du\u017cego, ma\u0142ego,<\/span><br \/>\n<span style=\"color: #993300;\">S\u0142odkie i pachn\u0105ce, \u015bwie\u017cutkie, gor\u0105ce.<\/span><br \/>\n<span style=\"color: #993300;\">Kiedy je skosztujesz, niebo w buzi czujesz,<\/span><br \/>\n<span style=\"color: #993300;\">Na p\u0105czka apetyt znosi wszystkie diety!.&#8221;<\/span><\/p>\n<p><span style=\"color: #993300;\"><strong>&nbsp;&nbsp;&nbsp;&nbsp;&nbsp;&nbsp;&nbsp;&nbsp;&nbsp;&nbsp;&nbsp;&nbsp;&nbsp; MNIAM, MNIAM !!!<\/strong><\/span><\/p>\n<p style=\"text-align: right;\"><em>mgr Cecylia Pierzcha\u0142a<\/em><\/p>\nngg_shortcode_0_placeholder\n","protected":false},"excerpt":{"rendered":"<p>&nbsp;&nbsp;&nbsp;&nbsp;&nbsp;&nbsp;&nbsp;&nbsp;&nbsp;&nbsp;&nbsp;&nbsp;&nbsp;&nbsp;&nbsp;&nbsp;&nbsp;&nbsp;&nbsp;&nbsp;&nbsp;&nbsp;&nbsp;&nbsp;&nbsp;&nbsp;&nbsp;&nbsp;&nbsp; T\u0141USTY&nbsp; CZWARTEK&nbsp; W&nbsp; PRZEDSZKOLU &nbsp;&nbsp;&nbsp;&nbsp;&nbsp; Wed\u0142ug zwyczaju, aby zapewni\u0107 sobie szcz\u0119\u015bcie i powodzenie na ca\u0142y najbli\u017cszy rok, ka\u017cdy z nas powinien tego dnia zje\u015b\u0107 [&hellip;]<\/p>\n","protected":false},"author":3,"featured_media":7180,"comment_status":"closed","ping_status":"closed","sticky":false,"template":"","format":"standard","meta":{"ngg_post_thumbnail":0,"footnotes":""},"categories":[4],"tags":[],"class_list":["post-7179","post","type-post","status-publish","format-standard","has-post-thumbnail","hentry","category-aktualnosci"],"_links":{"self":[{"href":"https:\/\/www.sp11.gliwice.pl\/index.php?rest_route=\/wp\/v2\/posts\/7179","targetHints":{"allow":["GET"]}}],"collection":[{"href":"https:\/\/www.sp11.gliwice.pl\/index.php?rest_route=\/wp\/v2\/posts"}],"about":[{"href":"https:\/\/www.sp11.gliwice.pl\/index.php?rest_route=\/wp\/v2\/types\/post"}],"author":[{"embeddable":true,"href":"https:\/\/www.sp11.gliwice.pl\/index.php?rest_route=\/wp\/v2\/users\/3"}],"replies":[{"embeddable":true,"href":"https:\/\/www.sp11.gliwice.pl\/index.php?rest_route=%2Fwp%2Fv2%2Fcomments&post=7179"}],"version-history":[{"count":1,"href":"https:\/\/www.sp11.gliwice.pl\/index.php?rest_route=\/wp\/v2\/posts\/7179\/revisions"}],"predecessor-version":[{"id":7181,"href":"https:\/\/www.sp11.gliwice.pl\/index.php?rest_route=\/wp\/v2\/posts\/7179\/revisions\/7181"}],"wp:featuredmedia":[{"embeddable":true,"href":"https:\/\/www.sp11.gliwice.pl\/index.php?rest_route=\/wp\/v2\/media\/7180"}],"wp:attachment":[{"href":"https:\/\/www.sp11.gliwice.pl\/index.php?rest_route=%2Fwp%2Fv2%2Fmedia&parent=7179"}],"wp:term":[{"taxonomy":"category","embeddable":true,"href":"https:\/\/www.sp11.gliwice.pl\/index.php?rest_route=%2Fwp%2Fv2%2Fcategories&post=7179"},{"taxonomy":"post_tag","embeddable":true,"href":"https:\/\/www.sp11.gliwice.pl\/index.php?rest_route=%2Fwp%2Fv2%2Ftags&post=7179"}],"curies":[{"name":"wp","href":"https:\/\/api.w.org\/{rel}","templated":true}]}}