{"id":7114,"date":"2023-02-15T16:40:42","date_gmt":"2023-02-15T15:40:42","guid":{"rendered":"https:\/\/www.sp11.gliwice.pl\/?p=7114"},"modified":"2023-02-15T16:40:42","modified_gmt":"2023-02-15T15:40:42","slug":"poczta-walentynkowa-%e2%9d%a4%ef%b8%8f","status":"publish","type":"post","link":"https:\/\/www.sp11.gliwice.pl\/?p=7114","title":{"rendered":"Poczta Walentynkowa :) \u2764\ufe0f"},"content":{"rendered":"<div dir=\"auto\">\n<div dir=\"auto\"><strong><span style=\"color: #ff0000;\">We wtorek w naszej szkole pojawi\u0142o si\u0119 znowu du\u017co czerwonego koloru i serduszek,a to wszystko z okazji 14 lutego\u2764\ufe0f Nasz Walentynkowy Listonosz zrobi\u0142 sobie wycieczk\u0119 po szkole i rozda\u0142 zar\u00f3wno uczniom,jak i pracownikom szko\u0142y kartki pe\u0142ne \u017cyczliwo\u015bci i ciep\u0142ych s\u0142\u00f3w. Na twarzach wielu os\u00f3b pojawi\u0142 si\u0119 u\u015bmiech \ud83d\ude42 Wa\u017cne jest,aby\u015bmy pami\u0119tali o sobie i byli dla siebie dobrzy,ka\u017cdego dnia- nie tylko od \u015bwi\u0119ta!\u2764\ufe0f<\/span><\/strong><\/div>\n<div dir=\"auto\" style=\"text-align: right;\">&nbsp;<\/div>\n<div dir=\"auto\" style=\"text-align: right;\"><em>mgr Natalia Drapa i mgr Agnieszka Zwoli\u0144ska<\/em><\/div>\n<div dir=\"auto\">ngg_shortcode_0_placeholder<\/div>\n<\/div>\n","protected":false},"excerpt":{"rendered":"<p>We wtorek w naszej szkole pojawi\u0142o si\u0119 znowu du\u017co czerwonego koloru i serduszek,a to wszystko z okazji 14 lutego\u2764\ufe0f Nasz Walentynkowy Listonosz zrobi\u0142 sobie wycieczk\u0119 [&hellip;]<\/p>\n","protected":false},"author":3,"featured_media":7115,"comment_status":"closed","ping_status":"closed","sticky":false,"template":"","format":"standard","meta":{"ngg_post_thumbnail":0,"footnotes":""},"categories":[4],"tags":[],"class_list":["post-7114","post","type-post","status-publish","format-standard","has-post-thumbnail","hentry","category-aktualnosci"],"_links":{"self":[{"href":"https:\/\/www.sp11.gliwice.pl\/index.php?rest_route=\/wp\/v2\/posts\/7114","targetHints":{"allow":["GET"]}}],"collection":[{"href":"https:\/\/www.sp11.gliwice.pl\/index.php?rest_route=\/wp\/v2\/posts"}],"about":[{"href":"https:\/\/www.sp11.gliwice.pl\/index.php?rest_route=\/wp\/v2\/types\/post"}],"author":[{"embeddable":true,"href":"https:\/\/www.sp11.gliwice.pl\/index.php?rest_route=\/wp\/v2\/users\/3"}],"replies":[{"embeddable":true,"href":"https:\/\/www.sp11.gliwice.pl\/index.php?rest_route=%2Fwp%2Fv2%2Fcomments&post=7114"}],"version-history":[{"count":1,"href":"https:\/\/www.sp11.gliwice.pl\/index.php?rest_route=\/wp\/v2\/posts\/7114\/revisions"}],"predecessor-version":[{"id":7116,"href":"https:\/\/www.sp11.gliwice.pl\/index.php?rest_route=\/wp\/v2\/posts\/7114\/revisions\/7116"}],"wp:featuredmedia":[{"embeddable":true,"href":"https:\/\/www.sp11.gliwice.pl\/index.php?rest_route=\/wp\/v2\/media\/7115"}],"wp:attachment":[{"href":"https:\/\/www.sp11.gliwice.pl\/index.php?rest_route=%2Fwp%2Fv2%2Fmedia&parent=7114"}],"wp:term":[{"taxonomy":"category","embeddable":true,"href":"https:\/\/www.sp11.gliwice.pl\/index.php?rest_route=%2Fwp%2Fv2%2Fcategories&post=7114"},{"taxonomy":"post_tag","embeddable":true,"href":"https:\/\/www.sp11.gliwice.pl\/index.php?rest_route=%2Fwp%2Fv2%2Ftags&post=7114"}],"curies":[{"name":"wp","href":"https:\/\/api.w.org\/{rel}","templated":true}]}}