{"id":7100,"date":"2023-02-14T22:14:51","date_gmt":"2023-02-14T21:14:51","guid":{"rendered":"https:\/\/www.sp11.gliwice.pl\/?p=7100"},"modified":"2023-02-14T22:14:51","modified_gmt":"2023-02-14T21:14:51","slug":"walentynkowa-akcja-charytatywna","status":"publish","type":"post","link":"https:\/\/www.sp11.gliwice.pl\/?p=7100","title":{"rendered":"Walentynkowa akcja charytatywna :)"},"content":{"rendered":"<p><span style=\"color: #000000;\">Szkolne Ko\u0142o Wolontariatu do\u0142\u0105czy\u0142o do akcji charytatywnej na rzecz ma\u0142ej Igi, bardzo chorej dziewczynki. Wraz z Rad\u0105 Rodzic\u00f3w naszej szko\u0142y i Rad\u0105 Dzielnicy Ligota, zorganizowali\u015bmy kiermasz s\u0142odko\u015bci i wykonanych w\u0142asnor\u0119cznie przez wolontariuszki ozdobnych \u015bwieczek. Na ka\u017cdej przerwie wolontariusze cz\u0119stowali ch\u0119tnych i zbierali datki dla Igi. Razem zebrali\u015bmy 1708,22 z\u0142.<\/span><\/p>\n<p style=\"text-align: right;\"><em>Wolontariusze i opiekunki Szkolnego Ko\u0142a Wolontariatu<\/em><\/p>\nngg_shortcode_0_placeholder\n","protected":false},"excerpt":{"rendered":"<p>Szkolne Ko\u0142o Wolontariatu do\u0142\u0105czy\u0142o do akcji charytatywnej na rzecz ma\u0142ej Igi, bardzo chorej dziewczynki. Wraz z Rad\u0105 Rodzic\u00f3w naszej szko\u0142y i Rad\u0105 Dzielnicy Ligota, zorganizowali\u015bmy [&hellip;]<\/p>\n","protected":false},"author":3,"featured_media":7101,"comment_status":"closed","ping_status":"closed","sticky":false,"template":"","format":"standard","meta":{"ngg_post_thumbnail":0,"footnotes":""},"categories":[4],"tags":[],"class_list":["post-7100","post","type-post","status-publish","format-standard","has-post-thumbnail","hentry","category-aktualnosci"],"_links":{"self":[{"href":"https:\/\/www.sp11.gliwice.pl\/index.php?rest_route=\/wp\/v2\/posts\/7100","targetHints":{"allow":["GET"]}}],"collection":[{"href":"https:\/\/www.sp11.gliwice.pl\/index.php?rest_route=\/wp\/v2\/posts"}],"about":[{"href":"https:\/\/www.sp11.gliwice.pl\/index.php?rest_route=\/wp\/v2\/types\/post"}],"author":[{"embeddable":true,"href":"https:\/\/www.sp11.gliwice.pl\/index.php?rest_route=\/wp\/v2\/users\/3"}],"replies":[{"embeddable":true,"href":"https:\/\/www.sp11.gliwice.pl\/index.php?rest_route=%2Fwp%2Fv2%2Fcomments&post=7100"}],"version-history":[{"count":1,"href":"https:\/\/www.sp11.gliwice.pl\/index.php?rest_route=\/wp\/v2\/posts\/7100\/revisions"}],"predecessor-version":[{"id":7102,"href":"https:\/\/www.sp11.gliwice.pl\/index.php?rest_route=\/wp\/v2\/posts\/7100\/revisions\/7102"}],"wp:featuredmedia":[{"embeddable":true,"href":"https:\/\/www.sp11.gliwice.pl\/index.php?rest_route=\/wp\/v2\/media\/7101"}],"wp:attachment":[{"href":"https:\/\/www.sp11.gliwice.pl\/index.php?rest_route=%2Fwp%2Fv2%2Fmedia&parent=7100"}],"wp:term":[{"taxonomy":"category","embeddable":true,"href":"https:\/\/www.sp11.gliwice.pl\/index.php?rest_route=%2Fwp%2Fv2%2Fcategories&post=7100"},{"taxonomy":"post_tag","embeddable":true,"href":"https:\/\/www.sp11.gliwice.pl\/index.php?rest_route=%2Fwp%2Fv2%2Ftags&post=7100"}],"curies":[{"name":"wp","href":"https:\/\/api.w.org\/{rel}","templated":true}]}}