{"id":7005,"date":"2023-02-12T16:57:53","date_gmt":"2023-02-12T15:57:53","guid":{"rendered":"https:\/\/www.sp11.gliwice.pl\/?p=7005"},"modified":"2023-02-12T16:57:53","modified_gmt":"2023-02-12T15:57:53","slug":"dzien-pizzy-w-przedszkolu","status":"publish","type":"post","link":"https:\/\/www.sp11.gliwice.pl\/?p=7005","title":{"rendered":"DZIE\u0143  PIZZY   W  PRZEDSZKOLU"},"content":{"rendered":"<p>&nbsp;&nbsp;&nbsp; <span style=\"color: #ff6600;\"><strong>9 lutego<\/strong> we wszystkich grupach przedszkolnych by\u0142 obchodzony \u201eMi\u0119dzynarodowy Dzie\u0144 Pizzy\u201d. Tego dnia sale naszego przedszkola zamieni\u0142y si\u0119 w prawdziwe, w\u0142oskie pizzerie. Na zaj\u0119ciach dzieci mia\u0142y okazj\u0119 pozna\u0107 historie powstania pizzy,&nbsp; zobaczy\u0107 jak powstaje ten kultowy w\u0142oski placek i jakich sk\u0142adnik\u00f3w potrzeba, aby go przygotowa\u0107.<\/span><\/p>\n<p><span style=\"color: #ff6600;\">&nbsp;&nbsp;&nbsp; Przedszkolaki mia\u0142y sw\u00f3j spos\u00f3b na &#8221; przygotowanie w\u0142asnej pizzy&#8221; i&nbsp; skosztowanej tej<\/span><\/p>\n<p><span style=\"color: #ff6600;\">naturalnej przygotowanej przez Panie z naszej kuchni. Dzi\u0119kujemy!<\/span><\/p>\n<p style=\"text-align: right;\"><em>mgr Cecylia Pierzcha\u0142a<\/em><\/p>\nngg_shortcode_0_placeholder\n","protected":false},"excerpt":{"rendered":"<p>&nbsp;&nbsp;&nbsp; 9 lutego we wszystkich grupach przedszkolnych by\u0142 obchodzony \u201eMi\u0119dzynarodowy Dzie\u0144 Pizzy\u201d. Tego dnia sale naszego przedszkola zamieni\u0142y si\u0119 w prawdziwe, w\u0142oskie pizzerie. Na zaj\u0119ciach [&hellip;]<\/p>\n","protected":false},"author":3,"featured_media":7006,"comment_status":"closed","ping_status":"closed","sticky":false,"template":"","format":"standard","meta":{"ngg_post_thumbnail":0,"footnotes":""},"categories":[4],"tags":[],"class_list":["post-7005","post","type-post","status-publish","format-standard","has-post-thumbnail","hentry","category-aktualnosci"],"_links":{"self":[{"href":"https:\/\/www.sp11.gliwice.pl\/index.php?rest_route=\/wp\/v2\/posts\/7005","targetHints":{"allow":["GET"]}}],"collection":[{"href":"https:\/\/www.sp11.gliwice.pl\/index.php?rest_route=\/wp\/v2\/posts"}],"about":[{"href":"https:\/\/www.sp11.gliwice.pl\/index.php?rest_route=\/wp\/v2\/types\/post"}],"author":[{"embeddable":true,"href":"https:\/\/www.sp11.gliwice.pl\/index.php?rest_route=\/wp\/v2\/users\/3"}],"replies":[{"embeddable":true,"href":"https:\/\/www.sp11.gliwice.pl\/index.php?rest_route=%2Fwp%2Fv2%2Fcomments&post=7005"}],"version-history":[{"count":1,"href":"https:\/\/www.sp11.gliwice.pl\/index.php?rest_route=\/wp\/v2\/posts\/7005\/revisions"}],"predecessor-version":[{"id":7007,"href":"https:\/\/www.sp11.gliwice.pl\/index.php?rest_route=\/wp\/v2\/posts\/7005\/revisions\/7007"}],"wp:featuredmedia":[{"embeddable":true,"href":"https:\/\/www.sp11.gliwice.pl\/index.php?rest_route=\/wp\/v2\/media\/7006"}],"wp:attachment":[{"href":"https:\/\/www.sp11.gliwice.pl\/index.php?rest_route=%2Fwp%2Fv2%2Fmedia&parent=7005"}],"wp:term":[{"taxonomy":"category","embeddable":true,"href":"https:\/\/www.sp11.gliwice.pl\/index.php?rest_route=%2Fwp%2Fv2%2Fcategories&post=7005"},{"taxonomy":"post_tag","embeddable":true,"href":"https:\/\/www.sp11.gliwice.pl\/index.php?rest_route=%2Fwp%2Fv2%2Ftags&post=7005"}],"curies":[{"name":"wp","href":"https:\/\/api.w.org\/{rel}","templated":true}]}}