{"id":6835,"date":"2023-01-10T15:35:19","date_gmt":"2023-01-10T14:35:19","guid":{"rendered":"https:\/\/www.sp11.gliwice.pl\/?p=6835"},"modified":"2023-01-10T15:36:11","modified_gmt":"2023-01-10T14:36:11","slug":"dzieje-sie-w-naszej-szkole%f0%9f%98%80","status":"publish","type":"post","link":"https:\/\/www.sp11.gliwice.pl\/?p=6835","title":{"rendered":"Dzieje si\u0119 w naszej szkole\ud83d\ude00"},"content":{"rendered":"<div class=\"\" dir=\"auto\">\n<div id=\"jsc_c_1be\" class=\"x1iorvi4 x1pi30zi x1l90r2v x1swvt13\" data-ad-comet-preview=\"message\" data-ad-preview=\"message\">\n<div class=\"x78zum5 xdt5ytf xz62fqu x16ldp7u\">\n<div class=\"xu06os2 x1ok221b\">\n<div class=\"x11i5rnm xat24cr x1mh8g0r x1vvkbs xdj266r x126k92a\"><span style=\"color: #000000;\">Z przyjemno\u015bci\u0105 informujemy, \u017ce Zarz\u0105d Oddzia\u0142u PTTK Ziemi Gliwickiej podj\u0105\u0142 uchwa\u0142\u0119 o powo\u0142aniu SKKT-PTTK przy SP11<span class=\"x3nfvp2 x1j61x8r x1fcty0u xdj266r xhhsvwb xat24cr xgzva0m xxymvpz xlup9mm x1kky2od\"><img decoding=\"async\" src=\"https:\/\/static.xx.fbcdn.net\/images\/emoji.php\/v9\/t27\/1.5\/16\/1f600.png\" alt=\"\ud83d\ude00\" width=\"16\" height=\"16\"><\/span><\/span><\/div>\n<div class=\"x11i5rnm xat24cr x1mh8g0r x1vvkbs xtlvy1s x126k92a\">\n<div dir=\"auto\"><span style=\"color: #000000;\">Podstawowym narz\u0119dziem pracy Szkolnego Ko\u0142a Krajoznawczo-Turystycznego s\u0105 wycieczki, podczas kt\u00f3rych uczniowie obcuj\u0105 bezpo\u015brednio z zabytkami kultury, sztuki, z przyrod\u0105, a tak\u017ce ucz\u0105 si\u0119 historii. Proces tak rozumianej edukacji poznawczej pozwala na bogatsz\u0105 i bardziej owocn\u0105 edukacj\u0119 dzieci i m\u0142odzie\u017cy.<\/span><\/div>\n<div dir=\"auto\"><span style=\"color: #000000;\">Wycieczki, a tak\u017ce rajdy, zloty, prelekcje przybli\u017caj\u0105 m\u0142odym pi\u0119kno ziemi ojczystej.<\/span><\/div>\n<div dir=\"auto\"><span style=\"color: #000000;\">Zmaganie si\u0119 natomiast z trudami wycieczek kszta\u0142tuje osobowo\u015b\u0107<span class=\"x3nfvp2 x1j61x8r x1fcty0u xdj266r xhhsvwb xat24cr xgzva0m xxymvpz xlup9mm x1kky2od\"><img decoding=\"async\" src=\"https:\/\/static.xx.fbcdn.net\/images\/emoji.php\/v9\/t27\/1.5\/16\/1f600.png\" alt=\"\ud83d\ude00\" width=\"16\" height=\"16\"><\/span><\/span><\/div>\n<div dir=\"auto\"><span style=\"color: #000000;\">Opiekunem naszego ko\u0142a SKKT jest Pan Dariusz Kobylarz<span class=\"x3nfvp2 x1j61x8r x1fcty0u xdj266r xhhsvwb xat24cr xgzva0m xxymvpz xlup9mm x1kky2od\"><img decoding=\"async\" src=\"https:\/\/static.xx.fbcdn.net\/images\/emoji.php\/v9\/t27\/1.5\/16\/1f600.png\" alt=\"\ud83d\ude00\" width=\"16\" height=\"16\"><\/span><\/span><\/div>\n<div dir=\"auto\"><span style=\"color: #000000;\">BRAWO<span class=\"x3nfvp2 x1j61x8r x1fcty0u xdj266r xhhsvwb xat24cr xgzva0m xxymvpz xlup9mm x1kky2od\"><img decoding=\"async\" src=\"https:\/\/static.xx.fbcdn.net\/images\/emoji.php\/v9\/t27\/1.5\/16\/1f600.png\" alt=\"\ud83d\ude00\" width=\"16\" height=\"16\"><\/span><\/span><\/div>\n<div dir=\"auto\">ngg_shortcode_0_placeholder<\/div>\n<\/div>\n<\/div>\n<\/div>\n<\/div>\n<\/div>\n","protected":false},"excerpt":{"rendered":"<p>Z przyjemno\u015bci\u0105 informujemy, \u017ce Zarz\u0105d Oddzia\u0142u PTTK Ziemi Gliwickiej podj\u0105\u0142 uchwa\u0142\u0119 o powo\u0142aniu SKKT-PTTK przy SP11 Podstawowym narz\u0119dziem pracy Szkolnego Ko\u0142a Krajoznawczo-Turystycznego s\u0105 wycieczki, podczas [&hellip;]<\/p>\n","protected":false},"author":3,"featured_media":6836,"comment_status":"closed","ping_status":"closed","sticky":false,"template":"","format":"standard","meta":{"ngg_post_thumbnail":0,"footnotes":""},"categories":[4],"tags":[],"class_list":["post-6835","post","type-post","status-publish","format-standard","has-post-thumbnail","hentry","category-aktualnosci"],"_links":{"self":[{"href":"https:\/\/www.sp11.gliwice.pl\/index.php?rest_route=\/wp\/v2\/posts\/6835","targetHints":{"allow":["GET"]}}],"collection":[{"href":"https:\/\/www.sp11.gliwice.pl\/index.php?rest_route=\/wp\/v2\/posts"}],"about":[{"href":"https:\/\/www.sp11.gliwice.pl\/index.php?rest_route=\/wp\/v2\/types\/post"}],"author":[{"embeddable":true,"href":"https:\/\/www.sp11.gliwice.pl\/index.php?rest_route=\/wp\/v2\/users\/3"}],"replies":[{"embeddable":true,"href":"https:\/\/www.sp11.gliwice.pl\/index.php?rest_route=%2Fwp%2Fv2%2Fcomments&post=6835"}],"version-history":[{"count":2,"href":"https:\/\/www.sp11.gliwice.pl\/index.php?rest_route=\/wp\/v2\/posts\/6835\/revisions"}],"predecessor-version":[{"id":6838,"href":"https:\/\/www.sp11.gliwice.pl\/index.php?rest_route=\/wp\/v2\/posts\/6835\/revisions\/6838"}],"wp:featuredmedia":[{"embeddable":true,"href":"https:\/\/www.sp11.gliwice.pl\/index.php?rest_route=\/wp\/v2\/media\/6836"}],"wp:attachment":[{"href":"https:\/\/www.sp11.gliwice.pl\/index.php?rest_route=%2Fwp%2Fv2%2Fmedia&parent=6835"}],"wp:term":[{"taxonomy":"category","embeddable":true,"href":"https:\/\/www.sp11.gliwice.pl\/index.php?rest_route=%2Fwp%2Fv2%2Fcategories&post=6835"},{"taxonomy":"post_tag","embeddable":true,"href":"https:\/\/www.sp11.gliwice.pl\/index.php?rest_route=%2Fwp%2Fv2%2Ftags&post=6835"}],"curies":[{"name":"wp","href":"https:\/\/api.w.org\/{rel}","templated":true}]}}