{"id":6687,"date":"2022-12-22T10:57:40","date_gmt":"2022-12-22T09:57:40","guid":{"rendered":"https:\/\/www.sp11.gliwice.pl\/?p=6687"},"modified":"2022-12-22T10:58:45","modified_gmt":"2022-12-22T09:58:45","slug":"wycieczka-do-funzeum","status":"publish","type":"post","link":"https:\/\/www.sp11.gliwice.pl\/?p=6687","title":{"rendered":"Wycieczka do Funzeum"},"content":{"rendered":"<h5>W poniedzia\u0142ek, odby\u0142a si\u0119 wycieczka szkolna do Funzeum w Europie Centralnej. Wzi\u0119li w niej udzia\u0142 uczniowie klasy 1b. Funzeum jak sama nazwa wskazuje to co\u015b niespotykanego i nie pomylili\u015bmy si\u0119. Po przekroczeniu progu Funzeum, znale\u017ali\u015bmy si\u0119 w \u015bwiecie kolor\u00f3w. Chodzili\u015bmy z Elfim przewodnikiem &nbsp;po salach w r\u00f3\u017cnych kolorach, gdzie wszystko mogli\u015bmy dotkn\u0105\u0107 i dowiedzie\u0107 si\u0119 wielu rzeczy o kolorach. Po zwiedzeniu sal kolor\u00f3w, mieli\u015bmy czas na zjedzenie w kawiarence drugiego \u015bniadania i&nbsp;&nbsp;zabaw\u0119 na placach zabaw.<\/h5>\n<p>&nbsp;Wszyscy byli\u015bmy bardzo zadowoleni z wyjazdu, chocia\u017c nieco zm\u0119czeni i oszo\u0142omieni nat\u0142okiem wra\u017ce\u0144. Mam nadziej\u0119, \u017ce wkr\u00f3tce b\u0119dziemy mie\u0107 mo\u017cliwo\u015b\u0107 uczestniczenia w kolejnej, r\u00f3wnie interesuj\u0105cej wycieczce.<\/p>\n<p style=\"text-align: right;\"><em>mgr Jolanta Lisowska<\/em><\/p>\nngg_shortcode_0_placeholder\n","protected":false},"excerpt":{"rendered":"<p>W poniedzia\u0142ek, odby\u0142a si\u0119 wycieczka szkolna do Funzeum w Europie Centralnej. Wzi\u0119li w niej udzia\u0142 uczniowie klasy 1b. Funzeum jak sama nazwa wskazuje to co\u015b [&hellip;]<\/p>\n","protected":false},"author":3,"featured_media":6688,"comment_status":"closed","ping_status":"closed","sticky":false,"template":"","format":"standard","meta":{"ngg_post_thumbnail":0,"footnotes":""},"categories":[4],"tags":[],"class_list":["post-6687","post","type-post","status-publish","format-standard","has-post-thumbnail","hentry","category-aktualnosci"],"_links":{"self":[{"href":"https:\/\/www.sp11.gliwice.pl\/index.php?rest_route=\/wp\/v2\/posts\/6687","targetHints":{"allow":["GET"]}}],"collection":[{"href":"https:\/\/www.sp11.gliwice.pl\/index.php?rest_route=\/wp\/v2\/posts"}],"about":[{"href":"https:\/\/www.sp11.gliwice.pl\/index.php?rest_route=\/wp\/v2\/types\/post"}],"author":[{"embeddable":true,"href":"https:\/\/www.sp11.gliwice.pl\/index.php?rest_route=\/wp\/v2\/users\/3"}],"replies":[{"embeddable":true,"href":"https:\/\/www.sp11.gliwice.pl\/index.php?rest_route=%2Fwp%2Fv2%2Fcomments&post=6687"}],"version-history":[{"count":3,"href":"https:\/\/www.sp11.gliwice.pl\/index.php?rest_route=\/wp\/v2\/posts\/6687\/revisions"}],"predecessor-version":[{"id":6691,"href":"https:\/\/www.sp11.gliwice.pl\/index.php?rest_route=\/wp\/v2\/posts\/6687\/revisions\/6691"}],"wp:featuredmedia":[{"embeddable":true,"href":"https:\/\/www.sp11.gliwice.pl\/index.php?rest_route=\/wp\/v2\/media\/6688"}],"wp:attachment":[{"href":"https:\/\/www.sp11.gliwice.pl\/index.php?rest_route=%2Fwp%2Fv2%2Fmedia&parent=6687"}],"wp:term":[{"taxonomy":"category","embeddable":true,"href":"https:\/\/www.sp11.gliwice.pl\/index.php?rest_route=%2Fwp%2Fv2%2Fcategories&post=6687"},{"taxonomy":"post_tag","embeddable":true,"href":"https:\/\/www.sp11.gliwice.pl\/index.php?rest_route=%2Fwp%2Fv2%2Ftags&post=6687"}],"curies":[{"name":"wp","href":"https:\/\/api.w.org\/{rel}","templated":true}]}}