{"id":18839,"date":"2026-04-29T13:48:08","date_gmt":"2026-04-29T11:48:08","guid":{"rendered":"https:\/\/www.sp11.gliwice.pl\/?p=18839"},"modified":"2026-04-29T13:48:08","modified_gmt":"2026-04-29T11:48:08","slug":"przedszkolaki-w-krainie-emocji","status":"publish","type":"post","link":"https:\/\/www.sp11.gliwice.pl\/?p=18839","title":{"rendered":"Przedszkolaki w krainie emocji"},"content":{"rendered":"<p><span style=\"color: #000000;\">W minionym tygodniu grupa naszych przedszkolak\u00f3w &#8222;\u017babki&#8221; wybra\u0142a si\u0119 w niezwyk\u0142\u0105 podr\u00f3\u017c do krainy emocji. Dzieci dowiedzia\u0142y si\u0119 jak bardzo potrzebne nam s\u0105 wszystkie z nich. Serdecznie dzi\u0119kujemy za odwiedziny i przeprowadzenie warsztat\u00f3w p. Magdalenie Gaurze &#8211; psychologowi w Poradni Psychologiczno &#8211; Pedagogicznej w Gliwicach. Pami\u0119tajmy i przypominajmy dzieciom, \u017ce nie ma z\u0142ych emocji!&#8221;<\/span><\/p>\n<p style=\"text-align: right;\"><em>psycholog szkolny &#8211; mgr Katarzyna Bober<\/em><\/p>\nngg_shortcode_0_placeholder\n","protected":false},"excerpt":{"rendered":"<p>W minionym tygodniu grupa naszych przedszkolak\u00f3w &#8222;\u017babki&#8221; wybra\u0142a si\u0119 w niezwyk\u0142\u0105 podr\u00f3\u017c do krainy emocji. Dzieci dowiedzia\u0142y si\u0119 jak bardzo potrzebne nam s\u0105 wszystkie z [&hellip;]<\/p>\n","protected":false},"author":3,"featured_media":18840,"comment_status":"closed","ping_status":"closed","sticky":false,"template":"","format":"standard","meta":{"ngg_post_thumbnail":0,"footnotes":""},"categories":[4],"tags":[],"class_list":["post-18839","post","type-post","status-publish","format-standard","has-post-thumbnail","hentry","category-aktualnosci"],"_links":{"self":[{"href":"https:\/\/www.sp11.gliwice.pl\/index.php?rest_route=\/wp\/v2\/posts\/18839","targetHints":{"allow":["GET"]}}],"collection":[{"href":"https:\/\/www.sp11.gliwice.pl\/index.php?rest_route=\/wp\/v2\/posts"}],"about":[{"href":"https:\/\/www.sp11.gliwice.pl\/index.php?rest_route=\/wp\/v2\/types\/post"}],"author":[{"embeddable":true,"href":"https:\/\/www.sp11.gliwice.pl\/index.php?rest_route=\/wp\/v2\/users\/3"}],"replies":[{"embeddable":true,"href":"https:\/\/www.sp11.gliwice.pl\/index.php?rest_route=%2Fwp%2Fv2%2Fcomments&post=18839"}],"version-history":[{"count":1,"href":"https:\/\/www.sp11.gliwice.pl\/index.php?rest_route=\/wp\/v2\/posts\/18839\/revisions"}],"predecessor-version":[{"id":18841,"href":"https:\/\/www.sp11.gliwice.pl\/index.php?rest_route=\/wp\/v2\/posts\/18839\/revisions\/18841"}],"wp:featuredmedia":[{"embeddable":true,"href":"https:\/\/www.sp11.gliwice.pl\/index.php?rest_route=\/wp\/v2\/media\/18840"}],"wp:attachment":[{"href":"https:\/\/www.sp11.gliwice.pl\/index.php?rest_route=%2Fwp%2Fv2%2Fmedia&parent=18839"}],"wp:term":[{"taxonomy":"category","embeddable":true,"href":"https:\/\/www.sp11.gliwice.pl\/index.php?rest_route=%2Fwp%2Fv2%2Fcategories&post=18839"},{"taxonomy":"post_tag","embeddable":true,"href":"https:\/\/www.sp11.gliwice.pl\/index.php?rest_route=%2Fwp%2Fv2%2Ftags&post=18839"}],"curies":[{"name":"wp","href":"https:\/\/api.w.org\/{rel}","templated":true}]}}