{"id":18833,"date":"2026-04-29T13:43:20","date_gmt":"2026-04-29T11:43:20","guid":{"rendered":"https:\/\/www.sp11.gliwice.pl\/?p=18833"},"modified":"2026-04-29T13:43:20","modified_gmt":"2026-04-29T11:43:20","slug":"bianka-socha-laureatka-wojewodzkiego-konkursu","status":"publish","type":"post","link":"https:\/\/www.sp11.gliwice.pl\/?p=18833","title":{"rendered":"Bianka Socha \u2013 laureatk\u0105 wojew\u00f3dzkiego konkursu"},"content":{"rendered":"<p><span style=\"color: #000000;\">&nbsp;&nbsp;&nbsp;&nbsp;&nbsp;&nbsp;&nbsp;&nbsp;&nbsp;&nbsp;&nbsp; Z rado\u015bci\u0105 informujemy o sukcesie naszej uczennicy! <strong>Bianka Socha <\/strong>z klasy IVa zdoby\u0142a <strong>wyr\u00f3\u017cnienie w kategorii klas IV w VII wojew\u00f3dzkim konkursie literacko-plastycznym \u201eKo\u015bci opowie\u015bci \u2013 odkryj w sobie literata\u201d<\/strong>, zorganizowanym przez Zesp\u00f3\u0142 Szkolno-Przedszkolny nr 11 w Gliwicach.<\/span><\/p>\n<p><span style=\"color: #000000;\">&nbsp;&nbsp;&nbsp;&nbsp;&nbsp;&nbsp;&nbsp;&nbsp;&nbsp;&nbsp;&nbsp; Konkurs wymaga\u0142 od uczestnik\u00f3w nie tylko kreatywno\u015bci, ale i du\u017cej precyzji. Nale\u017ca\u0142o wybra\u0107 pi\u0119\u0107 spo\u015br\u00f3d osiemnastu zaproponowanych obrazk\u00f3w i stworzy\u0107 na ich podstawie opowiadanie na dowolny temat. Praca musia\u0142a zawiera\u0107 okre\u015blon\u0105 struktur\u0119 \u2013 tytu\u0142, trzy zdania wst\u0119pu, sze\u015b\u0107 zda\u0144 rozwini\u0119cia oraz trzy zdania zako\u0144czenia, a tak\u017ce ilustracj\u0119 nawi\u0105zuj\u0105c\u0105 do tre\u015bci opowiadania. Dodatkowym wyzwaniem by\u0142o podkre\u015blenie wybranych wyraz\u00f3w kolorem zielonym.<\/span><\/p>\n<p><span style=\"color: #000000;\"><strong>&nbsp;&nbsp;&nbsp;&nbsp;&nbsp;&nbsp;&nbsp;&nbsp;&nbsp;&nbsp;&nbsp; W tegorocznej edycji konkursu wzi\u0119\u0142o udzia\u0142 30 uczni\u00f3w klas III z 9 szk\u00f3\u0142 oraz 47 uczni\u00f3w klas IV z 19 szk\u00f3\u0142, co sprawia, \u017ce sukces Bianki jest tym bardziej imponuj\u0105cy. Jej praca zosta\u0142a doceniona przez jury za wyj\u0105tkow\u0105 pomys\u0142owo\u015b\u0107 oraz talent \u2013 zar\u00f3wno literacki, jak i plastyczny.<\/strong><\/span><\/p>\n<p><span style=\"color: #000000;\"><strong>&nbsp;<\/strong><strong>&nbsp;&nbsp;&nbsp;&nbsp;&nbsp;&nbsp;&nbsp;&nbsp;&nbsp;&nbsp;&nbsp; Serdecznie gratulujemy Biance i \u017cyczymy jej kolejnych sukces\u00f3w!<\/strong><\/span><\/p>\n<p style=\"text-align: right;\"><em>mgr Izabella Jureczko&nbsp;<\/em><\/p>\nngg_shortcode_0_placeholder\n","protected":false},"excerpt":{"rendered":"<p>&nbsp;&nbsp;&nbsp;&nbsp;&nbsp;&nbsp;&nbsp;&nbsp;&nbsp;&nbsp;&nbsp; Z rado\u015bci\u0105 informujemy o sukcesie naszej uczennicy! Bianka Socha z klasy IVa zdoby\u0142a wyr\u00f3\u017cnienie w kategorii klas IV w VII wojew\u00f3dzkim konkursie literacko-plastycznym \u201eKo\u015bci [&hellip;]<\/p>\n","protected":false},"author":3,"featured_media":18834,"comment_status":"closed","ping_status":"closed","sticky":false,"template":"","format":"standard","meta":{"ngg_post_thumbnail":0,"footnotes":""},"categories":[4],"tags":[],"class_list":["post-18833","post","type-post","status-publish","format-standard","has-post-thumbnail","hentry","category-aktualnosci"],"_links":{"self":[{"href":"https:\/\/www.sp11.gliwice.pl\/index.php?rest_route=\/wp\/v2\/posts\/18833","targetHints":{"allow":["GET"]}}],"collection":[{"href":"https:\/\/www.sp11.gliwice.pl\/index.php?rest_route=\/wp\/v2\/posts"}],"about":[{"href":"https:\/\/www.sp11.gliwice.pl\/index.php?rest_route=\/wp\/v2\/types\/post"}],"author":[{"embeddable":true,"href":"https:\/\/www.sp11.gliwice.pl\/index.php?rest_route=\/wp\/v2\/users\/3"}],"replies":[{"embeddable":true,"href":"https:\/\/www.sp11.gliwice.pl\/index.php?rest_route=%2Fwp%2Fv2%2Fcomments&post=18833"}],"version-history":[{"count":1,"href":"https:\/\/www.sp11.gliwice.pl\/index.php?rest_route=\/wp\/v2\/posts\/18833\/revisions"}],"predecessor-version":[{"id":18835,"href":"https:\/\/www.sp11.gliwice.pl\/index.php?rest_route=\/wp\/v2\/posts\/18833\/revisions\/18835"}],"wp:featuredmedia":[{"embeddable":true,"href":"https:\/\/www.sp11.gliwice.pl\/index.php?rest_route=\/wp\/v2\/media\/18834"}],"wp:attachment":[{"href":"https:\/\/www.sp11.gliwice.pl\/index.php?rest_route=%2Fwp%2Fv2%2Fmedia&parent=18833"}],"wp:term":[{"taxonomy":"category","embeddable":true,"href":"https:\/\/www.sp11.gliwice.pl\/index.php?rest_route=%2Fwp%2Fv2%2Fcategories&post=18833"},{"taxonomy":"post_tag","embeddable":true,"href":"https:\/\/www.sp11.gliwice.pl\/index.php?rest_route=%2Fwp%2Fv2%2Ftags&post=18833"}],"curies":[{"name":"wp","href":"https:\/\/api.w.org\/{rel}","templated":true}]}}