{"id":18826,"date":"2026-04-29T13:34:43","date_gmt":"2026-04-29T11:34:43","guid":{"rendered":"https:\/\/www.sp11.gliwice.pl\/?p=18826"},"modified":"2026-04-29T13:34:43","modified_gmt":"2026-04-29T11:34:43","slug":"swiatowy-dzien-ksiazki-w-przedszkolu","status":"publish","type":"post","link":"https:\/\/www.sp11.gliwice.pl\/?p=18826","title":{"rendered":"\u015awiatowy Dzie\u0144 Ksi\u0105\u017cki w przedszkolu"},"content":{"rendered":"<p><span style=\"color: #000000;\">\u015awiatowy Dzie\u0144 Ksi\u0105\u017cki przypada na 23 kwietnia. \u015awi\u0119to to by\u0142o obchodzone w naszym przedszkolu w celu promowania czytelnictwa w\u015br\u00f3d najm\u0142odszych. Tego dnia dzieciaki dowiedzia\u0142y si\u0119 jak powstaje ksi\u0105\u017cka, kto to jest pisarz, ilustrator, introligator i wydawca. Dzieci w\u0142asnor\u0119cznie wykona\u0142y kolorowe zak\u0142adki do ksi\u0105\u017cek. Dzi\u0119ki uprzejmo\u015bci naszej Pani Bibliotekarki przedszkolaki wybra\u0142y si\u0119 z wizyt\u0105 do szkolnej biblioteki, w kt\u00f3rej dowiedzia\u0142y si\u0119 jak nale\u017cy zachowywa\u0107 si\u0119 w bibliotece i w jaki spos\u00f3b korzysta\u0107 z ksi\u0119gozbioru. Nie zabrak\u0142o r\u00f3wnie\u017c wsp\u00f3lnego czytania ulubionych bajek.<\/span><\/p>\n<p><span style=\"color: #000000;\">Pami\u0119tajmy, \u017ce ksi\u0105\u017cki stanowi\u0105 wa\u017cny element rozwoju ka\u017cdego dziecka, poniewa\u017c uruchamiaj\u0105 wyobra\u017ani\u0119, wzbogacaj\u0105 s\u0142ownictwo, rozwijaj\u0105 m\u00f3zg, ucz\u0105 koncentracji, dlatego dbajmy, aby nasze przedszkolaki mia\u0142y codzienny kontakty z literatur\u0105 i ksi\u0105\u017ckami.<\/span><\/p>\n<p style=\"text-align: right;\"><em>mgr Natalia Jarocka&nbsp;<\/em><\/p>\nngg_shortcode_0_placeholder\n","protected":false},"excerpt":{"rendered":"<p>\u015awiatowy Dzie\u0144 Ksi\u0105\u017cki przypada na 23 kwietnia. \u015awi\u0119to to by\u0142o obchodzone w naszym przedszkolu w celu promowania czytelnictwa w\u015br\u00f3d najm\u0142odszych. Tego dnia dzieciaki dowiedzia\u0142y si\u0119 [&hellip;]<\/p>\n","protected":false},"author":3,"featured_media":18827,"comment_status":"closed","ping_status":"closed","sticky":false,"template":"","format":"standard","meta":{"ngg_post_thumbnail":0,"footnotes":""},"categories":[4],"tags":[],"class_list":["post-18826","post","type-post","status-publish","format-standard","has-post-thumbnail","hentry","category-aktualnosci"],"_links":{"self":[{"href":"https:\/\/www.sp11.gliwice.pl\/index.php?rest_route=\/wp\/v2\/posts\/18826","targetHints":{"allow":["GET"]}}],"collection":[{"href":"https:\/\/www.sp11.gliwice.pl\/index.php?rest_route=\/wp\/v2\/posts"}],"about":[{"href":"https:\/\/www.sp11.gliwice.pl\/index.php?rest_route=\/wp\/v2\/types\/post"}],"author":[{"embeddable":true,"href":"https:\/\/www.sp11.gliwice.pl\/index.php?rest_route=\/wp\/v2\/users\/3"}],"replies":[{"embeddable":true,"href":"https:\/\/www.sp11.gliwice.pl\/index.php?rest_route=%2Fwp%2Fv2%2Fcomments&post=18826"}],"version-history":[{"count":1,"href":"https:\/\/www.sp11.gliwice.pl\/index.php?rest_route=\/wp\/v2\/posts\/18826\/revisions"}],"predecessor-version":[{"id":18828,"href":"https:\/\/www.sp11.gliwice.pl\/index.php?rest_route=\/wp\/v2\/posts\/18826\/revisions\/18828"}],"wp:featuredmedia":[{"embeddable":true,"href":"https:\/\/www.sp11.gliwice.pl\/index.php?rest_route=\/wp\/v2\/media\/18827"}],"wp:attachment":[{"href":"https:\/\/www.sp11.gliwice.pl\/index.php?rest_route=%2Fwp%2Fv2%2Fmedia&parent=18826"}],"wp:term":[{"taxonomy":"category","embeddable":true,"href":"https:\/\/www.sp11.gliwice.pl\/index.php?rest_route=%2Fwp%2Fv2%2Fcategories&post=18826"},{"taxonomy":"post_tag","embeddable":true,"href":"https:\/\/www.sp11.gliwice.pl\/index.php?rest_route=%2Fwp%2Fv2%2Ftags&post=18826"}],"curies":[{"name":"wp","href":"https:\/\/api.w.org\/{rel}","templated":true}]}}