{"id":18823,"date":"2026-04-29T13:33:00","date_gmt":"2026-04-29T11:33:00","guid":{"rendered":"https:\/\/www.sp11.gliwice.pl\/?p=18823"},"modified":"2026-04-29T13:38:57","modified_gmt":"2026-04-29T11:38:57","slug":"drugie-zycie-sloika","status":"publish","type":"post","link":"https:\/\/www.sp11.gliwice.pl\/?p=18823","title":{"rendered":"Drugie \u017cycie s\u0142oika &#8230;"},"content":{"rendered":"<p><span style=\"color: #000000;\">Konkurs ekologiczny \u201eDrugie \u017cycie s\u0142oika\u201d zosta\u0142 rozstrzygni\u0119ty w dniu 22.04.2026 r., podczas obchod\u00f3w Dnia Ziemi. Wzi\u0119\u0142y w nim udzia\u0142 dzieci ze wszystkich grup przedszkolnych, zar\u00f3wno m\u0142odszych (3\u20134 lata), jak i starszych (5\u20136 lat). Na konkurs wp\u0142yn\u0119\u0142o wiele pomys\u0142owych i starannie wykonanych prac. Uczestnicy wykazali si\u0119 du\u017c\u0105 kreatywno\u015bci\u0105, przekszta\u0142caj\u0105c szklane s\u0142oiki w r\u00f3\u017cnorodne przedmioty u\u017cytkowe. Wszyscy uczestnicy konkursu zostali nagrodzeni, a wykonane prace zaprezentowano na wystawie w holu przedszkola, gdzie cieszy\u0142y si\u0119 du\u017cym zainteresowaniem spo\u0142eczno\u015bci. Konkurs przyczyni\u0142 si\u0119 do kszta\u0142towania postaw proekologicznych, rozwijania kreatywno\u015bci dzieci oraz u\u015bwiadomienia, \u017ce przedmioty codziennego u\u017cytku mog\u0105 zyska\u0107 nowe \u017cycie.<\/span><\/p>\n<p><strong><span style=\"color: #000000;\">Wyniki konkursu:<\/span><\/strong><br \/>\n<span style=\"color: #000000;\">I miejsce &#8211; Anna Erdmann &#8222;Je\u017cyki&#8221;<\/span><br \/>\n<span style=\"color: #000000;\">II mijesce &#8211; Adam Alberczyk &#8222;\u017babki&#8221;<\/span><br \/>\n<span style=\"color: #000000;\">III miejsce &#8211; Siedlecki Tymoteusz &#8222;Misie&#8221;<\/span><\/p>\n<p style=\"text-align: right;\"><em>mgr Katarzyna P\u0142onka<\/em><\/p>\nngg_shortcode_0_placeholder\n","protected":false},"excerpt":{"rendered":"<p>Konkurs ekologiczny \u201eDrugie \u017cycie s\u0142oika\u201d zosta\u0142 rozstrzygni\u0119ty w dniu 22.04.2026 r., podczas obchod\u00f3w Dnia Ziemi. Wzi\u0119\u0142y w nim udzia\u0142 dzieci ze wszystkich grup przedszkolnych, zar\u00f3wno [&hellip;]<\/p>\n","protected":false},"author":3,"featured_media":18824,"comment_status":"closed","ping_status":"closed","sticky":false,"template":"","format":"standard","meta":{"ngg_post_thumbnail":0,"footnotes":""},"categories":[4],"tags":[],"class_list":["post-18823","post","type-post","status-publish","format-standard","has-post-thumbnail","hentry","category-aktualnosci"],"_links":{"self":[{"href":"https:\/\/www.sp11.gliwice.pl\/index.php?rest_route=\/wp\/v2\/posts\/18823","targetHints":{"allow":["GET"]}}],"collection":[{"href":"https:\/\/www.sp11.gliwice.pl\/index.php?rest_route=\/wp\/v2\/posts"}],"about":[{"href":"https:\/\/www.sp11.gliwice.pl\/index.php?rest_route=\/wp\/v2\/types\/post"}],"author":[{"embeddable":true,"href":"https:\/\/www.sp11.gliwice.pl\/index.php?rest_route=\/wp\/v2\/users\/3"}],"replies":[{"embeddable":true,"href":"https:\/\/www.sp11.gliwice.pl\/index.php?rest_route=%2Fwp%2Fv2%2Fcomments&post=18823"}],"version-history":[{"count":2,"href":"https:\/\/www.sp11.gliwice.pl\/index.php?rest_route=\/wp\/v2\/posts\/18823\/revisions"}],"predecessor-version":[{"id":18829,"href":"https:\/\/www.sp11.gliwice.pl\/index.php?rest_route=\/wp\/v2\/posts\/18823\/revisions\/18829"}],"wp:featuredmedia":[{"embeddable":true,"href":"https:\/\/www.sp11.gliwice.pl\/index.php?rest_route=\/wp\/v2\/media\/18824"}],"wp:attachment":[{"href":"https:\/\/www.sp11.gliwice.pl\/index.php?rest_route=%2Fwp%2Fv2%2Fmedia&parent=18823"}],"wp:term":[{"taxonomy":"category","embeddable":true,"href":"https:\/\/www.sp11.gliwice.pl\/index.php?rest_route=%2Fwp%2Fv2%2Fcategories&post=18823"},{"taxonomy":"post_tag","embeddable":true,"href":"https:\/\/www.sp11.gliwice.pl\/index.php?rest_route=%2Fwp%2Fv2%2Ftags&post=18823"}],"curies":[{"name":"wp","href":"https:\/\/api.w.org\/{rel}","templated":true}]}}