{"id":17378,"date":"2025-10-14T10:41:32","date_gmt":"2025-10-14T08:41:32","guid":{"rendered":"https:\/\/www.sp11.gliwice.pl\/?p=17378"},"modified":"2025-10-14T10:41:32","modified_gmt":"2025-10-14T08:41:32","slug":"dzien-edukacji-narodowej-5","status":"publish","type":"post","link":"https:\/\/www.sp11.gliwice.pl\/?p=17378","title":{"rendered":"Dzie\u0144 Edukacji Narodowej"},"content":{"rendered":"<div><span style=\"color: #000000;\">13 pa\u017adziernika odby\u0142a si\u0119 akademia z okazji Dnia Edukacji Narodowej. Po uroczystej cz\u0119\u015bci przedstawiciele Samorz\u0105du Uczniowskiego wraz z uczniami z klasy 4,5 i 6 zaprezentowali kr\u00f3tki wyst\u0119p artystyczny. Nast\u0119pnie arty\u015bci wraz z Nauczycielami na jednej scenie za\u015bpiewali wsp\u00f3lnie piosenk\u0119 &#8222;Jak si\u0119 masz,Nauczycielu nasz&#8221;.<\/span><\/div>\n<div><span style=\"color: #000000;\">Dzi\u0119kujemy r\u00f3wnie\u017c za obecno\u015b\u0107 i zabranie g\u0142osu Przewodnicz\u0105cej RR Pani Joannie Wojdynie \ud83d\ude42<\/span><\/div>\n<div>&nbsp;<\/div>\n<div><span style=\"color: #000000;\">Uczniowie z klasy 8 mieli r\u00f3wnie\u017c okazj\u0119 w dniu wczorajszym wcieli\u0107 si\u0119 w Nauczycieli i poprowadzi\u0107 zaj\u0119cia w klasach 1-3. By\u0142o troch\u0119 nauki\ud83d\udc68\u200d\ud83c\udf93,ale i te\u017c troch\u0119 zabawy\ud83c\udf88,a ca\u0142y ten czas min\u0105\u0142 w mi\u0142ej i weso\u0142ej atmosferze.<\/span><\/div>\n<div style=\"text-align: right;\"><em>mgr Natalia Drapa<\/em><\/div>\n<div>ngg_shortcode_0_placeholder<\/div>\n","protected":false},"excerpt":{"rendered":"<p>13 pa\u017adziernika odby\u0142a si\u0119 akademia z okazji Dnia Edukacji Narodowej. Po uroczystej cz\u0119\u015bci przedstawiciele Samorz\u0105du Uczniowskiego wraz z uczniami z klasy 4,5 i 6 zaprezentowali [&hellip;]<\/p>\n","protected":false},"author":3,"featured_media":17379,"comment_status":"closed","ping_status":"closed","sticky":false,"template":"","format":"standard","meta":{"ngg_post_thumbnail":0,"footnotes":""},"categories":[4],"tags":[],"class_list":["post-17378","post","type-post","status-publish","format-standard","has-post-thumbnail","hentry","category-aktualnosci"],"_links":{"self":[{"href":"https:\/\/www.sp11.gliwice.pl\/index.php?rest_route=\/wp\/v2\/posts\/17378","targetHints":{"allow":["GET"]}}],"collection":[{"href":"https:\/\/www.sp11.gliwice.pl\/index.php?rest_route=\/wp\/v2\/posts"}],"about":[{"href":"https:\/\/www.sp11.gliwice.pl\/index.php?rest_route=\/wp\/v2\/types\/post"}],"author":[{"embeddable":true,"href":"https:\/\/www.sp11.gliwice.pl\/index.php?rest_route=\/wp\/v2\/users\/3"}],"replies":[{"embeddable":true,"href":"https:\/\/www.sp11.gliwice.pl\/index.php?rest_route=%2Fwp%2Fv2%2Fcomments&post=17378"}],"version-history":[{"count":1,"href":"https:\/\/www.sp11.gliwice.pl\/index.php?rest_route=\/wp\/v2\/posts\/17378\/revisions"}],"predecessor-version":[{"id":17380,"href":"https:\/\/www.sp11.gliwice.pl\/index.php?rest_route=\/wp\/v2\/posts\/17378\/revisions\/17380"}],"wp:featuredmedia":[{"embeddable":true,"href":"https:\/\/www.sp11.gliwice.pl\/index.php?rest_route=\/wp\/v2\/media\/17379"}],"wp:attachment":[{"href":"https:\/\/www.sp11.gliwice.pl\/index.php?rest_route=%2Fwp%2Fv2%2Fmedia&parent=17378"}],"wp:term":[{"taxonomy":"category","embeddable":true,"href":"https:\/\/www.sp11.gliwice.pl\/index.php?rest_route=%2Fwp%2Fv2%2Fcategories&post=17378"},{"taxonomy":"post_tag","embeddable":true,"href":"https:\/\/www.sp11.gliwice.pl\/index.php?rest_route=%2Fwp%2Fv2%2Ftags&post=17378"}],"curies":[{"name":"wp","href":"https:\/\/api.w.org\/{rel}","templated":true}]}}