{"id":17262,"date":"2025-10-03T15:14:06","date_gmt":"2025-10-03T13:14:06","guid":{"rendered":"https:\/\/www.sp11.gliwice.pl\/?p=17262"},"modified":"2025-10-03T15:14:06","modified_gmt":"2025-10-03T13:14:06","slug":"zabki-w-kosmoparku","status":"publish","type":"post","link":"https:\/\/www.sp11.gliwice.pl\/?p=17262","title":{"rendered":"\u017babki w KosmoParku"},"content":{"rendered":"<p><span style=\"color: #000000;\">30.09 klasa &#8222;0&#8221; z okazji Dnia ch\u0142opaka wyruszy\u0142y na na wycieczk\u0119 do KosmoParku. Ju\u017c od samego wej\u015bcia na twarzach maluch\u00f3w malowa\u0142o si\u0119 ogromne podekscytowanie \u2013 czeka\u0142a ich bowiem niezwyk\u0142a kosmiczna przygoda!<\/span><\/p>\n<p><span style=\"color: #000000;\">Pierwsz\u0105 atrakcj\u0105 by\u0142y kreatywne warsztaty, podczas kt\u00f3rych dzieci samodzielnie robi\u0142y brokatowe, pachn\u0105ce slime\u2019y. Ka\u017cde dziecko mog\u0142o wybra\u0107 sw\u00f3j ulubiony kolor i zapach, a tak\u017ce doda\u0107 mieni\u0105ce si\u0119 drobinki brokatu. Zabawa by\u0142a nie tylko radosna, ale te\u017c rozwijaj\u0105ca zdolno\u015bci manualne i zmys\u0142 estetyki.<\/span><\/p>\n<p><span style=\"color: #000000;\">Nast\u0119pnie przedszkolaki uda\u0142y si\u0119 do specjalnej sali z ogromnym projektorem, gdzie mog\u0142y ogl\u0105da\u0107 kosmos w wyj\u0105tkowy spos\u00f3b. Gwiazdy, planety, rakiety i stacje kosmiczne wy\u015bwietlane na suficie i \u015bcianach zapiera\u0142y dech w piersiach. Dzieci s\u0142ucha\u0142y z zaciekawieniem opowie\u015bci o Uk\u0142adzie S\u0142onecznym i podr\u00f3\u017cach w kosmos.<\/span><\/p>\n<p><span style=\"color: #000000;\">Po wizycie w kosmicznym kinie przyszed\u0142 czas na zabaw\u0119 i ruch. W specjalnie przygotowanej strefie zabaw.<\/span><br \/>\n<span style=\"color: #000000;\">Wycieczka do KosmoParku by\u0142a pe\u0142na emocji, \u015bmiechu i nauki przez zabaw\u0119. Dzieci wr\u00f3ci\u0142y do przedszkola zm\u0119czone, ale bardzo szcz\u0119\u015bliwe \ud83d\ude42<\/span><\/p>\n<p style=\"text-align: right;\"><em>mgr Katarzyna P\u0142onka<\/em><\/p>\nngg_shortcode_0_placeholder\n","protected":false},"excerpt":{"rendered":"<p>30.09 klasa &#8222;0&#8221; z okazji Dnia ch\u0142opaka wyruszy\u0142y na na wycieczk\u0119 do KosmoParku. Ju\u017c od samego wej\u015bcia na twarzach maluch\u00f3w malowa\u0142o si\u0119 ogromne podekscytowanie \u2013 [&hellip;]<\/p>\n","protected":false},"author":3,"featured_media":17268,"comment_status":"closed","ping_status":"closed","sticky":false,"template":"","format":"standard","meta":{"ngg_post_thumbnail":0,"footnotes":""},"categories":[4],"tags":[],"class_list":["post-17262","post","type-post","status-publish","format-standard","has-post-thumbnail","hentry","category-aktualnosci"],"_links":{"self":[{"href":"https:\/\/www.sp11.gliwice.pl\/index.php?rest_route=\/wp\/v2\/posts\/17262","targetHints":{"allow":["GET"]}}],"collection":[{"href":"https:\/\/www.sp11.gliwice.pl\/index.php?rest_route=\/wp\/v2\/posts"}],"about":[{"href":"https:\/\/www.sp11.gliwice.pl\/index.php?rest_route=\/wp\/v2\/types\/post"}],"author":[{"embeddable":true,"href":"https:\/\/www.sp11.gliwice.pl\/index.php?rest_route=\/wp\/v2\/users\/3"}],"replies":[{"embeddable":true,"href":"https:\/\/www.sp11.gliwice.pl\/index.php?rest_route=%2Fwp%2Fv2%2Fcomments&post=17262"}],"version-history":[{"count":1,"href":"https:\/\/www.sp11.gliwice.pl\/index.php?rest_route=\/wp\/v2\/posts\/17262\/revisions"}],"predecessor-version":[{"id":17269,"href":"https:\/\/www.sp11.gliwice.pl\/index.php?rest_route=\/wp\/v2\/posts\/17262\/revisions\/17269"}],"wp:featuredmedia":[{"embeddable":true,"href":"https:\/\/www.sp11.gliwice.pl\/index.php?rest_route=\/wp\/v2\/media\/17268"}],"wp:attachment":[{"href":"https:\/\/www.sp11.gliwice.pl\/index.php?rest_route=%2Fwp%2Fv2%2Fmedia&parent=17262"}],"wp:term":[{"taxonomy":"category","embeddable":true,"href":"https:\/\/www.sp11.gliwice.pl\/index.php?rest_route=%2Fwp%2Fv2%2Fcategories&post=17262"},{"taxonomy":"post_tag","embeddable":true,"href":"https:\/\/www.sp11.gliwice.pl\/index.php?rest_route=%2Fwp%2Fv2%2Ftags&post=17262"}],"curies":[{"name":"wp","href":"https:\/\/api.w.org\/{rel}","templated":true}]}}