{"id":17259,"date":"2025-10-03T15:10:18","date_gmt":"2025-10-03T13:10:18","guid":{"rendered":"https:\/\/www.sp11.gliwice.pl\/?p=17259"},"modified":"2025-10-03T15:10:18","modified_gmt":"2025-10-03T13:10:18","slug":"4a-na-wycieczce-w-parku-trampolin","status":"publish","type":"post","link":"https:\/\/www.sp11.gliwice.pl\/?p=17259","title":{"rendered":"4a na wycieczce w Parku Trampolin"},"content":{"rendered":"<p><span style=\"color: #000000;\"><strong>Dzie\u0144 Ch\u0142opaka w klasie 4a<\/strong><\/span><\/p>\n<p><span style=\"color: #000000;\">&nbsp;&nbsp;&nbsp;&nbsp;&nbsp;&nbsp;&nbsp;&nbsp;&nbsp;&nbsp;&nbsp; Pogoda nie dopisa\u0142a, ale humory nas nie opu\u015bci\u0142y, a to za spraw\u0105 Dnia Ch\u0142opaka, kt\u00f3ry klasa 4a, pod opiek\u0105 nauczycieli, \u015bwi\u0119towa\u0142a z niewielkim op\u00f3\u017anieniem, bo dopiero 1 pa\u017adziernika, w gliwickim Parku Adrenaliny \u201eHouse of Air\u201d.<\/span><\/p>\n<p><span style=\"color: #000000;\">&nbsp;&nbsp;&nbsp;&nbsp;&nbsp;&nbsp;&nbsp;&nbsp;&nbsp;&nbsp;&nbsp; Oby r\u00f3wnie mi\u0142o uda\u0142o nam si\u0119 sp\u0119dzi\u0107 ten dzie\u0144 za rok!<\/span><\/p>\n<p style=\"text-align: right;\"><em>mgr Izabella Jureczko<\/em><\/p>\nngg_shortcode_0_placeholder\n","protected":false},"excerpt":{"rendered":"<p>Dzie\u0144 Ch\u0142opaka w klasie 4a &nbsp;&nbsp;&nbsp;&nbsp;&nbsp;&nbsp;&nbsp;&nbsp;&nbsp;&nbsp;&nbsp; Pogoda nie dopisa\u0142a, ale humory nas nie opu\u015bci\u0142y, a to za spraw\u0105 Dnia Ch\u0142opaka, kt\u00f3ry klasa 4a, pod opiek\u0105 [&hellip;]<\/p>\n","protected":false},"author":3,"featured_media":17260,"comment_status":"closed","ping_status":"closed","sticky":false,"template":"","format":"standard","meta":{"ngg_post_thumbnail":0,"footnotes":""},"categories":[4],"tags":[],"class_list":["post-17259","post","type-post","status-publish","format-standard","has-post-thumbnail","hentry","category-aktualnosci"],"_links":{"self":[{"href":"https:\/\/www.sp11.gliwice.pl\/index.php?rest_route=\/wp\/v2\/posts\/17259","targetHints":{"allow":["GET"]}}],"collection":[{"href":"https:\/\/www.sp11.gliwice.pl\/index.php?rest_route=\/wp\/v2\/posts"}],"about":[{"href":"https:\/\/www.sp11.gliwice.pl\/index.php?rest_route=\/wp\/v2\/types\/post"}],"author":[{"embeddable":true,"href":"https:\/\/www.sp11.gliwice.pl\/index.php?rest_route=\/wp\/v2\/users\/3"}],"replies":[{"embeddable":true,"href":"https:\/\/www.sp11.gliwice.pl\/index.php?rest_route=%2Fwp%2Fv2%2Fcomments&post=17259"}],"version-history":[{"count":1,"href":"https:\/\/www.sp11.gliwice.pl\/index.php?rest_route=\/wp\/v2\/posts\/17259\/revisions"}],"predecessor-version":[{"id":17261,"href":"https:\/\/www.sp11.gliwice.pl\/index.php?rest_route=\/wp\/v2\/posts\/17259\/revisions\/17261"}],"wp:featuredmedia":[{"embeddable":true,"href":"https:\/\/www.sp11.gliwice.pl\/index.php?rest_route=\/wp\/v2\/media\/17260"}],"wp:attachment":[{"href":"https:\/\/www.sp11.gliwice.pl\/index.php?rest_route=%2Fwp%2Fv2%2Fmedia&parent=17259"}],"wp:term":[{"taxonomy":"category","embeddable":true,"href":"https:\/\/www.sp11.gliwice.pl\/index.php?rest_route=%2Fwp%2Fv2%2Fcategories&post=17259"},{"taxonomy":"post_tag","embeddable":true,"href":"https:\/\/www.sp11.gliwice.pl\/index.php?rest_route=%2Fwp%2Fv2%2Ftags&post=17259"}],"curies":[{"name":"wp","href":"https:\/\/api.w.org\/{rel}","templated":true}]}}