{"id":17253,"date":"2025-10-03T15:07:01","date_gmt":"2025-10-03T13:07:01","guid":{"rendered":"https:\/\/www.sp11.gliwice.pl\/?p=17253"},"modified":"2025-10-03T15:07:01","modified_gmt":"2025-10-03T13:07:01","slug":"dzien-chlopaka-w-przedszkolu-2","status":"publish","type":"post","link":"https:\/\/www.sp11.gliwice.pl\/?p=17253","title":{"rendered":"Dzie\u0144 Ch\u0142opaka w przedszkolu"},"content":{"rendered":"<div class=\"v1pre\"><span style=\"color: #000000;\">Chocia\u017c wrzesie\u0144 dzi\u015b \u017cegna si\u0119 z nami<\/span><br \/>\n<span style=\"color: #000000;\">chcemy \u015bwi\u0119towa\u0107 wraz z Ch\u0142opakami!<\/span><br \/>\n<span style=\"color: #000000;\">Bo Dzie\u0144 Ch\u0142opaka to wa\u017cna sprawa,<\/span><br \/>\n<span style=\"color: #000000;\">niech si\u0119 nie ko\u0144czy dobra zabawa.<\/span><br \/>\n<span style=\"color: #000000;\">Niechaj u\u015bmiechy goszcz\u0105 na twarzy<\/span><br \/>\n<span style=\"color: #000000;\">i niech si\u0119 spe\u0142ni to o czym marz\u0105.<\/span><\/p>\n<p><span style=\"color: #000000;\">Od najm\u0142odszych lat uczymy dzieci,aby pami\u0119ta\u0142y o wa\u017cnych uroczysto\u015bciach.<\/span><br \/>\n<span style=\"color: #000000;\">Dlatego 30 wrze\u015bnia \u015bwi\u0119towali\u015bmy<\/span><\/div>\n<div class=\"v1pre\"><span style=\"color: #000000;\">w przedszkolu Dzie\u0144 Ch\u0142opaka.\ud83e\uddd2<\/span><br \/>\n<span style=\"color: #000000;\">By\u0142y s\u0142odkie pocz\u0119stunki, upominki<\/span><\/div>\n<div class=\"v1pre\"><span style=\"color: #000000;\">oraz mn\u00f3stwo fantastycznej zabawy.\ud83c\udf89<\/span><br \/>\n<span style=\"color: #000000;\">Wszystkim Ch\u0142opcom w Dniu ich \u015awi\u0119ta \u017cyczymy spe\u0142nienia marze\u0144.<\/span><\/div>\n<div style=\"text-align: right;\"><em>mgr Anna Zawrot<\/em><\/div>\n<div>ngg_shortcode_0_placeholder<\/div>\n","protected":false},"excerpt":{"rendered":"<p>Chocia\u017c wrzesie\u0144 dzi\u015b \u017cegna si\u0119 z nami chcemy \u015bwi\u0119towa\u0107 wraz z Ch\u0142opakami! Bo Dzie\u0144 Ch\u0142opaka to wa\u017cna sprawa, niech si\u0119 nie ko\u0144czy dobra zabawa. Niechaj [&hellip;]<\/p>\n","protected":false},"author":3,"featured_media":17254,"comment_status":"closed","ping_status":"closed","sticky":false,"template":"","format":"standard","meta":{"ngg_post_thumbnail":0,"footnotes":""},"categories":[4],"tags":[],"class_list":["post-17253","post","type-post","status-publish","format-standard","has-post-thumbnail","hentry","category-aktualnosci"],"_links":{"self":[{"href":"https:\/\/www.sp11.gliwice.pl\/index.php?rest_route=\/wp\/v2\/posts\/17253","targetHints":{"allow":["GET"]}}],"collection":[{"href":"https:\/\/www.sp11.gliwice.pl\/index.php?rest_route=\/wp\/v2\/posts"}],"about":[{"href":"https:\/\/www.sp11.gliwice.pl\/index.php?rest_route=\/wp\/v2\/types\/post"}],"author":[{"embeddable":true,"href":"https:\/\/www.sp11.gliwice.pl\/index.php?rest_route=\/wp\/v2\/users\/3"}],"replies":[{"embeddable":true,"href":"https:\/\/www.sp11.gliwice.pl\/index.php?rest_route=%2Fwp%2Fv2%2Fcomments&post=17253"}],"version-history":[{"count":1,"href":"https:\/\/www.sp11.gliwice.pl\/index.php?rest_route=\/wp\/v2\/posts\/17253\/revisions"}],"predecessor-version":[{"id":17255,"href":"https:\/\/www.sp11.gliwice.pl\/index.php?rest_route=\/wp\/v2\/posts\/17253\/revisions\/17255"}],"wp:featuredmedia":[{"embeddable":true,"href":"https:\/\/www.sp11.gliwice.pl\/index.php?rest_route=\/wp\/v2\/media\/17254"}],"wp:attachment":[{"href":"https:\/\/www.sp11.gliwice.pl\/index.php?rest_route=%2Fwp%2Fv2%2Fmedia&parent=17253"}],"wp:term":[{"taxonomy":"category","embeddable":true,"href":"https:\/\/www.sp11.gliwice.pl\/index.php?rest_route=%2Fwp%2Fv2%2Fcategories&post=17253"},{"taxonomy":"post_tag","embeddable":true,"href":"https:\/\/www.sp11.gliwice.pl\/index.php?rest_route=%2Fwp%2Fv2%2Ftags&post=17253"}],"curies":[{"name":"wp","href":"https:\/\/api.w.org\/{rel}","templated":true}]}}