{"id":17247,"date":"2025-10-03T15:03:38","date_gmt":"2025-10-03T13:03:38","guid":{"rendered":"https:\/\/www.sp11.gliwice.pl\/?p=17247"},"modified":"2025-10-03T15:03:38","modified_gmt":"2025-10-03T13:03:38","slug":"dzien-jablka-w-przedszkolu-3","status":"publish","type":"post","link":"https:\/\/www.sp11.gliwice.pl\/?p=17247","title":{"rendered":"Dzie\u0144 Jab\u0142ka w przedszkolu"},"content":{"rendered":"<p><span style=\"color: #000000;\">29 wrze\u015bnia wszystkie grupy przedszkolne obchodzi\u0142y Dzie\u0144 Jab\u0142ka. By\u0142 to wyj\u0105tkowy dzie\u0144, troch\u0119 inny ni\u017c zwykle. Dzieci , dzi\u0119ki prezentacji multimedialnej pozna\u0142y jab\u0142ka i ich odmiany. Przedszkolaki ch\u0119tnie rozpoznawa\u0142y i okre\u015bla\u0142y kszta\u0142t, zapach, kolor, smak. Podczas zabaw dzieci mia\u0142y okazj\u0119 opowiadania o jab\u0142kach, oraz wykonania prac plastycznych r\u00f3\u017cnymi technikami. A na koniec&#8230; degustacja soku w\u0142asnor\u0119cznie przyrz\u0105dzonego!!!<\/span><\/p>\n<p style=\"text-align: right;\"><em>mgr Cecylia Pierzcha\u0142a<\/em><\/p>\nngg_shortcode_0_placeholder\n","protected":false},"excerpt":{"rendered":"<p>29 wrze\u015bnia wszystkie grupy przedszkolne obchodzi\u0142y Dzie\u0144 Jab\u0142ka. By\u0142 to wyj\u0105tkowy dzie\u0144, troch\u0119 inny ni\u017c zwykle. Dzieci , dzi\u0119ki prezentacji multimedialnej pozna\u0142y jab\u0142ka i ich [&hellip;]<\/p>\n","protected":false},"author":3,"featured_media":17248,"comment_status":"closed","ping_status":"closed","sticky":false,"template":"","format":"standard","meta":{"ngg_post_thumbnail":0,"footnotes":""},"categories":[4],"tags":[],"class_list":["post-17247","post","type-post","status-publish","format-standard","has-post-thumbnail","hentry","category-aktualnosci"],"_links":{"self":[{"href":"https:\/\/www.sp11.gliwice.pl\/index.php?rest_route=\/wp\/v2\/posts\/17247","targetHints":{"allow":["GET"]}}],"collection":[{"href":"https:\/\/www.sp11.gliwice.pl\/index.php?rest_route=\/wp\/v2\/posts"}],"about":[{"href":"https:\/\/www.sp11.gliwice.pl\/index.php?rest_route=\/wp\/v2\/types\/post"}],"author":[{"embeddable":true,"href":"https:\/\/www.sp11.gliwice.pl\/index.php?rest_route=\/wp\/v2\/users\/3"}],"replies":[{"embeddable":true,"href":"https:\/\/www.sp11.gliwice.pl\/index.php?rest_route=%2Fwp%2Fv2%2Fcomments&post=17247"}],"version-history":[{"count":1,"href":"https:\/\/www.sp11.gliwice.pl\/index.php?rest_route=\/wp\/v2\/posts\/17247\/revisions"}],"predecessor-version":[{"id":17249,"href":"https:\/\/www.sp11.gliwice.pl\/index.php?rest_route=\/wp\/v2\/posts\/17247\/revisions\/17249"}],"wp:featuredmedia":[{"embeddable":true,"href":"https:\/\/www.sp11.gliwice.pl\/index.php?rest_route=\/wp\/v2\/media\/17248"}],"wp:attachment":[{"href":"https:\/\/www.sp11.gliwice.pl\/index.php?rest_route=%2Fwp%2Fv2%2Fmedia&parent=17247"}],"wp:term":[{"taxonomy":"category","embeddable":true,"href":"https:\/\/www.sp11.gliwice.pl\/index.php?rest_route=%2Fwp%2Fv2%2Fcategories&post=17247"},{"taxonomy":"post_tag","embeddable":true,"href":"https:\/\/www.sp11.gliwice.pl\/index.php?rest_route=%2Fwp%2Fv2%2Ftags&post=17247"}],"curies":[{"name":"wp","href":"https:\/\/api.w.org\/{rel}","templated":true}]}}