{"id":17229,"date":"2025-10-02T18:38:25","date_gmt":"2025-10-02T16:38:25","guid":{"rendered":"https:\/\/www.sp11.gliwice.pl\/?p=17229"},"modified":"2025-10-02T18:39:38","modified_gmt":"2025-10-02T16:39:38","slug":"tydzien-o-przeciwdzialaniu-przemocy-rowiesniczej","status":"publish","type":"post","link":"https:\/\/www.sp11.gliwice.pl\/?p=17229","title":{"rendered":"Tydzie\u0144 o Przeciwdzia\u0142aniu Przemocy R\u00f3wie\u015bniczej"},"content":{"rendered":"ngg_shortcode_0_placeholder\n<p><strong><span style=\"color: #000000;\">\u015aCIE\u017bKA POMOCY &#8211; PRZEMOC R\u00d3WIE\u015aNICZA W SZKOLE<\/span><\/strong><\/p>\n<p><span style=\"color: #000000;\">DLA UCZNIA<\/span><\/p>\n<p><span style=\"color: #000000;\">Je\u015bli do\u015bwiadczasz przemocy r\u00f3wie\u015bniczej podejmij stosowne dzia\u0142ania.<\/span><\/p>\n<p><span style=\"color: #000000;\">Poni\u017cej znajdziesz istotne wskaz\u00f3wki dotycz\u0105ce zg\u0142aszania sytuacji problemowych w szkole.<\/span><\/p>\n<p><span style=\"color: #000000;\">Do kogo mo\u017cesz zg\u0142osi\u0107 spraw\u0119 przemocy wyst\u0119puj\u0105cej w szkole:<\/span><\/p>\n<p><span style=\"color: #000000;\">Nauczyciela, wychowawcy<\/span><\/p>\n<p><span style=\"color: #000000;\">Pedagoga\/psychologa szkolnego<\/span><\/p>\n<p><span style=\"color: #000000;\">Dyrektora<\/span><\/p>\n<p><span style=\"color: #000000;\">Piel\u0119gniarki szkolnej<\/span><\/p>\n<p><span style=\"color: #000000;\">Rady rodzic\u00f3w<\/span><\/p>\n<p><span style=\"color: #000000;\">Samorz\u0105du szkolnego<\/span><\/p>\n<p><span style=\"color: #000000;\">Innego pracownika szko\u0142y<\/span><\/p>\n<p><span style=\"color: #000000;\">W jakiej formie mo\u017cesz dokona\u0107 zg\u0142oszenia:<\/span><\/p>\n<p><span style=\"color: #000000;\">Bezpo\u015brednio do wychowawcy, pedagoga, psychologa, nauczyciela, dyrektora szko\u0142y<\/span><\/p>\n<p><span style=\"color: #000000;\">Poprzez skrzynk\u0119 zaufania (je\u015bli istnieje w szkole)<\/span><\/p>\n<p><span style=\"color: #000000;\">Drog\u0105 elektroniczn\u0105 na adres sekretariatu szko\u0142y lub dyrektora<\/span><\/p>\n<p><span style=\"color: #000000;\">Drog\u0105 telefoniczn\u0105 do sekretariatu szko\u0142y lub dyrektora<\/span><\/p>\n<p><span style=\"color: #000000;\">Anonimowo (je\u015bli szko\u0142a umo\u017cliwia tak\u0105 form\u0119)<\/span><\/p>\n<p><span style=\"color: #000000;\">Popro\u015b&nbsp; pracownika szko\u0142y o zapewnienie Ci bezpiecze\u0144stwa<\/span><\/p>\n<p><span style=\"color: #000000;\">Zapami\u0119taj: Gdy nauczyciel lub inny pracownik szko\u0142y jest \u015bwiadkiem przemocy ma bezwzgl\u0119dny obowi\u0105zek zareagowania.<\/span><\/p>\n<p><span style=\"color: #000000;\">W przypadku, gdy jeste\u015b osob\u0105 doznaj\u0105c\u0105 przemocy na terenie szko\u0142y, ka\u017cdy pracownik szko\u0142y powinien:<\/span><\/p>\n<p><span style=\"color: #000000;\">\u00b7 udzieli\u0107 pierwszej pomocy (przedmedycznej), b\u0105d\u017a zapewni\u0107 jej udzielenie poprzez wezwanie lekarza w sytuacji, gdy dozna\u0142e\u015b obra\u017ce\u0144<\/span><\/p>\n<p><span style=\"color: #000000;\">\u00b7 niezw\u0142oczne powiadomi\u0107 dyrektora szko\u0142y<\/span><\/p>\n<p><span style=\"color: #000000;\">\u00b7 powiadomi\u0107 Twoich rodzic\u00f3w, je\u017celi jeste\u015b uczniem niepe\u0142noletnim<\/span><\/p>\n<p><span style=\"color: #000000;\">\u00b7 niezw\u0142oczne wezwa\u0107 Policj\u0119 w przypadku, kiedy istnieje konieczno\u015b\u0107 profesjonalnego zabezpieczenia \u015blad\u00f3w przest\u0119pstwa, ustalenia okoliczno\u015bci i ewentualnych \u015bwiadk\u00f3w zdarzenia<\/span><\/p>\n<p><span style=\"color: #000000;\">Podczas rozmowy z pracownikiem szko\u0142y:<\/span><\/p>\n<p><span style=\"color: #000000;\">\u00b7 Popro\u015b o przeprowadzenie rozmowy w dyskretnej atmosferze<\/span><\/p>\n<p><span style=\"color: #000000;\">\u00b7 Opisz sytuacj\u0119, w tym podaj konkretne informacje na temat zdarzenia: kto, kiedy, co si\u0119 sta\u0142o, jak cz\u0119sto<\/span><\/p>\n<p><span style=\"color: #000000;\">\u00b7 Przedstaw dowody zdarzenia, np. w przypadku wyst\u0119powania cyberprzemocy<\/span><\/p>\n<p><span style=\"color: #000000;\">Je\u017celi potrzebujesz rozmowy wspieraj\u0105cej, lub zg\u0142osi\u0107 sw\u00f3j problem, mo\u017cesz skorzysta\u0107 z poni\u017cszych telefon\u00f3w zaufania:<\/span><\/p>\n<p><span style=\"color: #000000;\">Dzieci\u0119cy Telefon Zaufania Rzecznika Praw Dziecka 800 12 12 12<\/span><\/p>\n<p><span style=\"color: #000000;\">Telefon Zaufania Dzieci i M\u0142odzie\u017cy 116 111<\/span><\/p>\n<p><span style=\"color: #000000;\">Telefon Fundacji Dajemy Dzieciom Si\u0142\u0119 lub Linii Pomocy&nbsp;<\/span><span style=\"color: #000000;\">Pokrzywdzonym 800 100 100 lub 222 309 900<\/span><\/p>\n<p><span style=\"color: #000000;\">Centrum Wsparcia dla os\u00f3b doros\u0142ych w kryzysie&nbsp;<\/span><span style=\"color: #000000;\">psychicznym 800 70 2222<\/span><\/p>\n<p><span style=\"color: #000000;\">Telefon wsparcia emocjonalnego dla doros\u0142ych 116 123<\/span><\/p>\n<p><span style=\"color: #000000;\">Numer alarmowy w sytuacjach zagro\u017cenia zdrowia i \u017cycia 112<\/span><\/p>\n<p><span style=\"color: #000000;\">Pami\u0119taj &#8211; To nie jest wina osoby do\u015bwiadczaj\u0105cej przemocy. Nie b\u00f3j si\u0119 poprosi\u0107 o pomoc!<\/span><\/p>\n","protected":false},"excerpt":{"rendered":"<p>&nbsp; \u015aCIE\u017bKA POMOCY &#8211; PRZEMOC R\u00d3WIE\u015aNICZA W SZKOLE DLA UCZNIA Je\u015bli do\u015bwiadczasz przemocy r\u00f3wie\u015bniczej podejmij stosowne dzia\u0142ania. Poni\u017cej znajdziesz istotne wskaz\u00f3wki dotycz\u0105ce zg\u0142aszania sytuacji problemowych [&hellip;]<\/p>\n","protected":false},"author":3,"featured_media":17230,"comment_status":"closed","ping_status":"closed","sticky":false,"template":"","format":"standard","meta":{"ngg_post_thumbnail":0,"footnotes":""},"categories":[4],"tags":[],"class_list":["post-17229","post","type-post","status-publish","format-standard","has-post-thumbnail","hentry","category-aktualnosci"],"_links":{"self":[{"href":"https:\/\/www.sp11.gliwice.pl\/index.php?rest_route=\/wp\/v2\/posts\/17229","targetHints":{"allow":["GET"]}}],"collection":[{"href":"https:\/\/www.sp11.gliwice.pl\/index.php?rest_route=\/wp\/v2\/posts"}],"about":[{"href":"https:\/\/www.sp11.gliwice.pl\/index.php?rest_route=\/wp\/v2\/types\/post"}],"author":[{"embeddable":true,"href":"https:\/\/www.sp11.gliwice.pl\/index.php?rest_route=\/wp\/v2\/users\/3"}],"replies":[{"embeddable":true,"href":"https:\/\/www.sp11.gliwice.pl\/index.php?rest_route=%2Fwp%2Fv2%2Fcomments&post=17229"}],"version-history":[{"count":3,"href":"https:\/\/www.sp11.gliwice.pl\/index.php?rest_route=\/wp\/v2\/posts\/17229\/revisions"}],"predecessor-version":[{"id":17233,"href":"https:\/\/www.sp11.gliwice.pl\/index.php?rest_route=\/wp\/v2\/posts\/17229\/revisions\/17233"}],"wp:featuredmedia":[{"embeddable":true,"href":"https:\/\/www.sp11.gliwice.pl\/index.php?rest_route=\/wp\/v2\/media\/17230"}],"wp:attachment":[{"href":"https:\/\/www.sp11.gliwice.pl\/index.php?rest_route=%2Fwp%2Fv2%2Fmedia&parent=17229"}],"wp:term":[{"taxonomy":"category","embeddable":true,"href":"https:\/\/www.sp11.gliwice.pl\/index.php?rest_route=%2Fwp%2Fv2%2Fcategories&post=17229"},{"taxonomy":"post_tag","embeddable":true,"href":"https:\/\/www.sp11.gliwice.pl\/index.php?rest_route=%2Fwp%2Fv2%2Ftags&post=17229"}],"curies":[{"name":"wp","href":"https:\/\/api.w.org\/{rel}","templated":true}]}}