{"id":17220,"date":"2025-09-29T11:18:36","date_gmt":"2025-09-29T09:18:36","guid":{"rendered":"https:\/\/www.sp11.gliwice.pl\/?p=17220"},"modified":"2025-09-29T11:18:36","modified_gmt":"2025-09-29T09:18:36","slug":"europejski-tydzien-sportu-w-przedszkolu-2","status":"publish","type":"post","link":"https:\/\/www.sp11.gliwice.pl\/?p=17220","title":{"rendered":"Europejski Tydzie\u0144 Sportu w przedszkolu"},"content":{"rendered":"<p><span style=\"color: #000000;\">W ubieg\u0142y pi\u0105tek, Je\u017cyki wzi\u0119\u0142y udzia\u0142 w Tygodniu Sportu. W godzinach porannych, \u017ce wzgl\u0119du na ch\u0142odn\u0105 pogod\u0119, nasze zabawy sportowe odby\u0142y si\u0119 w sali. By\u0142y r\u00f3\u017cne dyscypliny, a uwie\u0144czeniem prace plastyczne.<\/span><\/p>\n<p style=\"text-align: right;\"><em>mgr Cecylia Przedszkole<\/em><\/p>\nngg_shortcode_0_placeholder\n","protected":false},"excerpt":{"rendered":"<p>W ubieg\u0142y pi\u0105tek, Je\u017cyki wzi\u0119\u0142y udzia\u0142 w Tygodniu Sportu. W godzinach porannych, \u017ce wzgl\u0119du na ch\u0142odn\u0105 pogod\u0119, nasze zabawy sportowe odby\u0142y si\u0119 w sali. By\u0142y [&hellip;]<\/p>\n","protected":false},"author":3,"featured_media":17221,"comment_status":"closed","ping_status":"closed","sticky":false,"template":"","format":"standard","meta":{"ngg_post_thumbnail":0,"footnotes":""},"categories":[4],"tags":[],"class_list":["post-17220","post","type-post","status-publish","format-standard","has-post-thumbnail","hentry","category-aktualnosci"],"_links":{"self":[{"href":"https:\/\/www.sp11.gliwice.pl\/index.php?rest_route=\/wp\/v2\/posts\/17220","targetHints":{"allow":["GET"]}}],"collection":[{"href":"https:\/\/www.sp11.gliwice.pl\/index.php?rest_route=\/wp\/v2\/posts"}],"about":[{"href":"https:\/\/www.sp11.gliwice.pl\/index.php?rest_route=\/wp\/v2\/types\/post"}],"author":[{"embeddable":true,"href":"https:\/\/www.sp11.gliwice.pl\/index.php?rest_route=\/wp\/v2\/users\/3"}],"replies":[{"embeddable":true,"href":"https:\/\/www.sp11.gliwice.pl\/index.php?rest_route=%2Fwp%2Fv2%2Fcomments&post=17220"}],"version-history":[{"count":1,"href":"https:\/\/www.sp11.gliwice.pl\/index.php?rest_route=\/wp\/v2\/posts\/17220\/revisions"}],"predecessor-version":[{"id":17222,"href":"https:\/\/www.sp11.gliwice.pl\/index.php?rest_route=\/wp\/v2\/posts\/17220\/revisions\/17222"}],"wp:featuredmedia":[{"embeddable":true,"href":"https:\/\/www.sp11.gliwice.pl\/index.php?rest_route=\/wp\/v2\/media\/17221"}],"wp:attachment":[{"href":"https:\/\/www.sp11.gliwice.pl\/index.php?rest_route=%2Fwp%2Fv2%2Fmedia&parent=17220"}],"wp:term":[{"taxonomy":"category","embeddable":true,"href":"https:\/\/www.sp11.gliwice.pl\/index.php?rest_route=%2Fwp%2Fv2%2Fcategories&post=17220"},{"taxonomy":"post_tag","embeddable":true,"href":"https:\/\/www.sp11.gliwice.pl\/index.php?rest_route=%2Fwp%2Fv2%2Ftags&post=17220"}],"curies":[{"name":"wp","href":"https:\/\/api.w.org\/{rel}","templated":true}]}}