{"id":17199,"date":"2025-09-26T10:09:53","date_gmt":"2025-09-26T08:09:53","guid":{"rendered":"https:\/\/www.sp11.gliwice.pl\/?p=17199"},"modified":"2025-09-27T09:53:10","modified_gmt":"2025-09-27T07:53:10","slug":"z-wizyta-w-komendzie-miejskiej-policji-w-gliwicach","status":"publish","type":"post","link":"https:\/\/www.sp11.gliwice.pl\/?p=17199","title":{"rendered":"Z WIZYT\u0104 W KOMENDZIE MIEJSKIEJ POLICJI W GLIWICACH"},"content":{"rendered":"<p><span style=\"color: #000000;\">W dniu 24.wrze\u015bnia 2025 r. uczniowie klasy 7a, pod opiek\u0105 wychowawcy klasy i pedagoga szkolnego uczestniczyli w wycieczce do Komendy Miejskiej Policji w Gliwicach. Organizacj\u0105 zaj\u0119\u0107 w ramach doradztwa zawodowego i Szkolnego Programu Wychowawczo-Profilaktycznego zaj\u0119\u0142a si\u0119 Pani st.sier\u017c. Milena Szyma\u0144ska, kt\u00f3rej po raz kolejny bardzo dzi\u0119kujemy za wsp\u00f3\u0142prac\u0119. Tre\u015bci poruszane na zaj\u0119ciach, dotycz\u0105ce specyfiki pracy w zawodzie policjant, stosowania si\u0119 do zasad bezpiecze\u0144stwa, w szczeg\u00f3lno\u015bci w ruchu drogowym, broni u\u017cywanej przez funkcjonariuszy w Polsce itp. rozbudzi\u0142y ciekawo\u015b\u0107 naszych uczni\u00f3w, co znalaz\u0142o odzwierciedlanie w ich aktywno\u015bci podczas zaj\u0119\u0107. Istotn\u0105 cz\u0119\u015bci\u0105 wycieczki by\u0142a wizyta w restauracji McDonald&#8217;s \ud83d\ude42<\/span><br \/>\n<span style=\"color: #000000;\">Naszym Uczniom \u017cyczymy przemy\u015blanych decyzji i m\u0105drych codziennych wybor\u00f3w.<\/span><br \/>\n<span style=\"color: #000000;\">O kontynuacj\u0119 wsp\u00f3\u0142pracy z Komend\u0105 Miejsk\u0105 Policji w Gliwicach zadbamy ju\u017c wkr\u00f3tce \ud83d\ude42<\/span><\/p>\n<p style=\"text-align: right;\"><em>mgr Karolina Kami\u0144ska &#8211; wychowawca klasy<\/em><br \/>\n<em>mgr Joanna Magiera &#8211; pedagog szkolny<\/em><\/p>\nngg_shortcode_0_placeholder\n","protected":false},"excerpt":{"rendered":"<p>W dniu 24.wrze\u015bnia 2025 r. uczniowie klasy 7a, pod opiek\u0105 wychowawcy klasy i pedagoga szkolnego uczestniczyli w wycieczce do Komendy Miejskiej Policji w Gliwicach. Organizacj\u0105 [&hellip;]<\/p>\n","protected":false},"author":3,"featured_media":17200,"comment_status":"closed","ping_status":"closed","sticky":false,"template":"","format":"standard","meta":{"ngg_post_thumbnail":0,"footnotes":""},"categories":[4],"tags":[],"class_list":["post-17199","post","type-post","status-publish","format-standard","has-post-thumbnail","hentry","category-aktualnosci"],"_links":{"self":[{"href":"https:\/\/www.sp11.gliwice.pl\/index.php?rest_route=\/wp\/v2\/posts\/17199","targetHints":{"allow":["GET"]}}],"collection":[{"href":"https:\/\/www.sp11.gliwice.pl\/index.php?rest_route=\/wp\/v2\/posts"}],"about":[{"href":"https:\/\/www.sp11.gliwice.pl\/index.php?rest_route=\/wp\/v2\/types\/post"}],"author":[{"embeddable":true,"href":"https:\/\/www.sp11.gliwice.pl\/index.php?rest_route=\/wp\/v2\/users\/3"}],"replies":[{"embeddable":true,"href":"https:\/\/www.sp11.gliwice.pl\/index.php?rest_route=%2Fwp%2Fv2%2Fcomments&post=17199"}],"version-history":[{"count":2,"href":"https:\/\/www.sp11.gliwice.pl\/index.php?rest_route=\/wp\/v2\/posts\/17199\/revisions"}],"predecessor-version":[{"id":17203,"href":"https:\/\/www.sp11.gliwice.pl\/index.php?rest_route=\/wp\/v2\/posts\/17199\/revisions\/17203"}],"wp:featuredmedia":[{"embeddable":true,"href":"https:\/\/www.sp11.gliwice.pl\/index.php?rest_route=\/wp\/v2\/media\/17200"}],"wp:attachment":[{"href":"https:\/\/www.sp11.gliwice.pl\/index.php?rest_route=%2Fwp%2Fv2%2Fmedia&parent=17199"}],"wp:term":[{"taxonomy":"category","embeddable":true,"href":"https:\/\/www.sp11.gliwice.pl\/index.php?rest_route=%2Fwp%2Fv2%2Fcategories&post=17199"},{"taxonomy":"post_tag","embeddable":true,"href":"https:\/\/www.sp11.gliwice.pl\/index.php?rest_route=%2Fwp%2Fv2%2Ftags&post=17199"}],"curies":[{"name":"wp","href":"https:\/\/api.w.org\/{rel}","templated":true}]}}