{"id":17170,"date":"2025-09-24T08:19:54","date_gmt":"2025-09-24T06:19:54","guid":{"rendered":"https:\/\/www.sp11.gliwice.pl\/?p=17170"},"modified":"2025-09-24T13:38:45","modified_gmt":"2025-09-24T11:38:45","slug":"dzien-kropki-w-przedszkolu","status":"publish","type":"post","link":"https:\/\/www.sp11.gliwice.pl\/?p=17170","title":{"rendered":"Dzie\u0144 Kropki w przedszkolu"},"content":{"rendered":"<p><span style=\"color: #000000;\">Dzie\u0144 Kropki obchodzony na ca\u0142ym \u015bwiecie, to \u015bwi\u0119to promuj\u0105ce kreatywno\u015b\u0107, talent i pewno\u015b\u0107 siebie, a w wychowaniu przedszkolnym inspiruje do tw\u00f3rczych zabaw. W tym dniu dzieci, ubieraj\u0105c kropkowane ubrania bior\u0105c udzia\u0142 w zaj\u0119ciach plastycznych, ruchowych, muzycznych. Zabawy z kropkami maj\u0105 pom\u00f3c maluchom odkry\u0107 swoje unikalne zdolno\u015bci, rozwija\u0107 wyobra\u017ani\u0119 i poczucie w\u0142asnej warto\u015bci.<\/span><\/p>\n<p style=\"text-align: right;\"><em>mgr Cecylia Pierzcha\u0142a<\/em><\/p>\nngg_shortcode_0_placeholder\n","protected":false},"excerpt":{"rendered":"<p>Dzie\u0144 Kropki obchodzony na ca\u0142ym \u015bwiecie, to \u015bwi\u0119to promuj\u0105ce kreatywno\u015b\u0107, talent i pewno\u015b\u0107 siebie, a w wychowaniu przedszkolnym inspiruje do tw\u00f3rczych zabaw. W tym dniu [&hellip;]<\/p>\n","protected":false},"author":3,"featured_media":17171,"comment_status":"closed","ping_status":"closed","sticky":false,"template":"","format":"standard","meta":{"ngg_post_thumbnail":0,"footnotes":""},"categories":[4],"tags":[],"class_list":["post-17170","post","type-post","status-publish","format-standard","has-post-thumbnail","hentry","category-aktualnosci"],"_links":{"self":[{"href":"https:\/\/www.sp11.gliwice.pl\/index.php?rest_route=\/wp\/v2\/posts\/17170","targetHints":{"allow":["GET"]}}],"collection":[{"href":"https:\/\/www.sp11.gliwice.pl\/index.php?rest_route=\/wp\/v2\/posts"}],"about":[{"href":"https:\/\/www.sp11.gliwice.pl\/index.php?rest_route=\/wp\/v2\/types\/post"}],"author":[{"embeddable":true,"href":"https:\/\/www.sp11.gliwice.pl\/index.php?rest_route=\/wp\/v2\/users\/3"}],"replies":[{"embeddable":true,"href":"https:\/\/www.sp11.gliwice.pl\/index.php?rest_route=%2Fwp%2Fv2%2Fcomments&post=17170"}],"version-history":[{"count":1,"href":"https:\/\/www.sp11.gliwice.pl\/index.php?rest_route=\/wp\/v2\/posts\/17170\/revisions"}],"predecessor-version":[{"id":17172,"href":"https:\/\/www.sp11.gliwice.pl\/index.php?rest_route=\/wp\/v2\/posts\/17170\/revisions\/17172"}],"wp:featuredmedia":[{"embeddable":true,"href":"https:\/\/www.sp11.gliwice.pl\/index.php?rest_route=\/wp\/v2\/media\/17171"}],"wp:attachment":[{"href":"https:\/\/www.sp11.gliwice.pl\/index.php?rest_route=%2Fwp%2Fv2%2Fmedia&parent=17170"}],"wp:term":[{"taxonomy":"category","embeddable":true,"href":"https:\/\/www.sp11.gliwice.pl\/index.php?rest_route=%2Fwp%2Fv2%2Fcategories&post=17170"},{"taxonomy":"post_tag","embeddable":true,"href":"https:\/\/www.sp11.gliwice.pl\/index.php?rest_route=%2Fwp%2Fv2%2Ftags&post=17170"}],"curies":[{"name":"wp","href":"https:\/\/api.w.org\/{rel}","templated":true}]}}