{"id":17159,"date":"2025-09-23T18:52:33","date_gmt":"2025-09-23T16:52:33","guid":{"rendered":"https:\/\/www.sp11.gliwice.pl\/?p=17159"},"modified":"2025-09-23T23:39:58","modified_gmt":"2025-09-23T21:39:58","slug":"wizyta-na-minikomisariacie","status":"publish","type":"post","link":"https:\/\/www.sp11.gliwice.pl\/?p=17159","title":{"rendered":"Wizyta na minikomisariacie"},"content":{"rendered":"<p><span style=\"color: #000000;\">W ramach zaj\u0119\u0107 dydaktyczno-wychowawczych dzieci z klasy \u201e0\u201d wybra\u0142y si\u0119 na wycieczk\u0119 do lokalnego komisariatu policji. Celem wizyty by\u0142o zapoznanie przedszkolak\u00f3w z podstawowymi zasadami bezpiecze\u0144stwa oraz w\u0142a\u015bciwym zachowaniem w sytuacjach kryzysowych.<\/span><\/p>\n<p><span style=\"color: #000000;\">Podczas spotkania Pani policjantka opowiedzia\u0142a o swojej pracy, przypomnia\u0142a dzieciom najwa\u017cniejsze numery alarmowe i wyja\u015bni\u0142a, jak nale\u017cy reagowa\u0107 w niebezpiecznych sytuacjach, np. gdy si\u0119 zgubi\u0105 lub zauwa\u017c\u0105 zagro\u017cenie.<\/span><\/p>\n<p><span style=\"color: #000000;\">Wyj\u015bcie by\u0142o bardzo pouczaj\u0105ce i przebieg\u0142o w mi\u0142ej, bezpiecznej atmosferze.<\/span><\/p>\n<p style=\"text-align: right;\"><em>mgr Katarzyna P\u0142onka<\/em><\/p>\nngg_shortcode_0_placeholder\n","protected":false},"excerpt":{"rendered":"<p>W ramach zaj\u0119\u0107 dydaktyczno-wychowawczych dzieci z klasy \u201e0\u201d wybra\u0142y si\u0119 na wycieczk\u0119 do lokalnego komisariatu policji. Celem wizyty by\u0142o zapoznanie przedszkolak\u00f3w z podstawowymi zasadami bezpiecze\u0144stwa [&hellip;]<\/p>\n","protected":false},"author":3,"featured_media":17160,"comment_status":"closed","ping_status":"closed","sticky":false,"template":"","format":"standard","meta":{"ngg_post_thumbnail":0,"footnotes":""},"categories":[4],"tags":[],"class_list":["post-17159","post","type-post","status-publish","format-standard","has-post-thumbnail","hentry","category-aktualnosci"],"_links":{"self":[{"href":"https:\/\/www.sp11.gliwice.pl\/index.php?rest_route=\/wp\/v2\/posts\/17159","targetHints":{"allow":["GET"]}}],"collection":[{"href":"https:\/\/www.sp11.gliwice.pl\/index.php?rest_route=\/wp\/v2\/posts"}],"about":[{"href":"https:\/\/www.sp11.gliwice.pl\/index.php?rest_route=\/wp\/v2\/types\/post"}],"author":[{"embeddable":true,"href":"https:\/\/www.sp11.gliwice.pl\/index.php?rest_route=\/wp\/v2\/users\/3"}],"replies":[{"embeddable":true,"href":"https:\/\/www.sp11.gliwice.pl\/index.php?rest_route=%2Fwp%2Fv2%2Fcomments&post=17159"}],"version-history":[{"count":1,"href":"https:\/\/www.sp11.gliwice.pl\/index.php?rest_route=\/wp\/v2\/posts\/17159\/revisions"}],"predecessor-version":[{"id":17161,"href":"https:\/\/www.sp11.gliwice.pl\/index.php?rest_route=\/wp\/v2\/posts\/17159\/revisions\/17161"}],"wp:featuredmedia":[{"embeddable":true,"href":"https:\/\/www.sp11.gliwice.pl\/index.php?rest_route=\/wp\/v2\/media\/17160"}],"wp:attachment":[{"href":"https:\/\/www.sp11.gliwice.pl\/index.php?rest_route=%2Fwp%2Fv2%2Fmedia&parent=17159"}],"wp:term":[{"taxonomy":"category","embeddable":true,"href":"https:\/\/www.sp11.gliwice.pl\/index.php?rest_route=%2Fwp%2Fv2%2Fcategories&post=17159"},{"taxonomy":"post_tag","embeddable":true,"href":"https:\/\/www.sp11.gliwice.pl\/index.php?rest_route=%2Fwp%2Fv2%2Ftags&post=17159"}],"curies":[{"name":"wp","href":"https:\/\/api.w.org\/{rel}","templated":true}]}}