{"id":17152,"date":"2025-09-23T10:39:05","date_gmt":"2025-09-23T08:39:05","guid":{"rendered":"https:\/\/www.sp11.gliwice.pl\/?p=17152"},"modified":"2025-09-23T10:39:05","modified_gmt":"2025-09-23T08:39:05","slug":"dzien-przedszkolaka-5","status":"publish","type":"post","link":"https:\/\/www.sp11.gliwice.pl\/?p=17152","title":{"rendered":"Dzie\u0144 Przedszkolaka"},"content":{"rendered":"<p><span style=\"color: #000000;\">\ud83c\udf8aDzie\u0144 Przedszkolaka \ud83c\udf8aAle\u017c to by\u0142 dzie\u0144 pe\u0142en wra\u017ce\u0144! Nasze przedszkolaki rozpocz\u0119\u0142y \u015bwi\u0119towanie od muzycznego korowodu, kt\u00f3ry przeszed\u0142 ulicami dzielnicy &#8211; wzbudzaj\u0105c u\u015bmiechy i rado\u015b\u0107 przechodni\u00f3w. Po powrocie do przedszkola kontynuowali\u015bmy weso\u0142e zabawy i harce. To by\u0142 dzie\u0144 pe\u0142en zabaw, niespodzianek i s\u0142odko\u015bci.<\/span><br \/>\n<span style=\"color: #000000;\">Z okazji Dnia Przedszkolaka, \u017cyczymy Wam drogie dzieci, aby u\u015bmiech zawsze go\u015bci\u0142 na waszych twarzach a ka\u017cdy dzie\u0144 by\u0142 wspania\u0142\u0105 przygod\u0105 i ni\u00f3s\u0142 ze sob\u0105 wiele cudownych chwil \ud83e\udd73<\/span><\/p>\n<p style=\"text-align: right;\"><em>lic. Joanna Aleksander<\/em><\/p>\nngg_shortcode_0_placeholder\n","protected":false},"excerpt":{"rendered":"<p>\ud83c\udf8aDzie\u0144 Przedszkolaka \ud83c\udf8aAle\u017c to by\u0142 dzie\u0144 pe\u0142en wra\u017ce\u0144! Nasze przedszkolaki rozpocz\u0119\u0142y \u015bwi\u0119towanie od muzycznego korowodu, kt\u00f3ry przeszed\u0142 ulicami dzielnicy &#8211; wzbudzaj\u0105c u\u015bmiechy i rado\u015b\u0107 przechodni\u00f3w. [&hellip;]<\/p>\n","protected":false},"author":3,"featured_media":17153,"comment_status":"closed","ping_status":"closed","sticky":false,"template":"","format":"standard","meta":{"ngg_post_thumbnail":0,"footnotes":""},"categories":[4],"tags":[],"class_list":["post-17152","post","type-post","status-publish","format-standard","has-post-thumbnail","hentry","category-aktualnosci"],"_links":{"self":[{"href":"https:\/\/www.sp11.gliwice.pl\/index.php?rest_route=\/wp\/v2\/posts\/17152","targetHints":{"allow":["GET"]}}],"collection":[{"href":"https:\/\/www.sp11.gliwice.pl\/index.php?rest_route=\/wp\/v2\/posts"}],"about":[{"href":"https:\/\/www.sp11.gliwice.pl\/index.php?rest_route=\/wp\/v2\/types\/post"}],"author":[{"embeddable":true,"href":"https:\/\/www.sp11.gliwice.pl\/index.php?rest_route=\/wp\/v2\/users\/3"}],"replies":[{"embeddable":true,"href":"https:\/\/www.sp11.gliwice.pl\/index.php?rest_route=%2Fwp%2Fv2%2Fcomments&post=17152"}],"version-history":[{"count":1,"href":"https:\/\/www.sp11.gliwice.pl\/index.php?rest_route=\/wp\/v2\/posts\/17152\/revisions"}],"predecessor-version":[{"id":17154,"href":"https:\/\/www.sp11.gliwice.pl\/index.php?rest_route=\/wp\/v2\/posts\/17152\/revisions\/17154"}],"wp:featuredmedia":[{"embeddable":true,"href":"https:\/\/www.sp11.gliwice.pl\/index.php?rest_route=\/wp\/v2\/media\/17153"}],"wp:attachment":[{"href":"https:\/\/www.sp11.gliwice.pl\/index.php?rest_route=%2Fwp%2Fv2%2Fmedia&parent=17152"}],"wp:term":[{"taxonomy":"category","embeddable":true,"href":"https:\/\/www.sp11.gliwice.pl\/index.php?rest_route=%2Fwp%2Fv2%2Fcategories&post=17152"},{"taxonomy":"post_tag","embeddable":true,"href":"https:\/\/www.sp11.gliwice.pl\/index.php?rest_route=%2Fwp%2Fv2%2Ftags&post=17152"}],"curies":[{"name":"wp","href":"https:\/\/api.w.org\/{rel}","templated":true}]}}