{"id":17135,"date":"2025-09-23T10:32:34","date_gmt":"2025-09-23T08:32:34","guid":{"rendered":"https:\/\/www.sp11.gliwice.pl\/?p=17135"},"modified":"2025-09-23T10:32:34","modified_gmt":"2025-09-23T08:32:34","slug":"warsztaty-chemiczne-w-przedszkolu-2","status":"publish","type":"post","link":"https:\/\/www.sp11.gliwice.pl\/?p=17135","title":{"rendered":"Warsztaty chemiczne w przedszkolu"},"content":{"rendered":"<p><span style=\"color: #000000;\">Dnia 19 wrze\u015bnia w naszym przedszkolu odby\u0142y si\u0119 wyj\u0105tkowe warsztaty chemiczne dla dzieci z grupy &#8222;Misi\u00f3w&#8217; i &#8222;\u017babek&#8221;. By\u0142 to dzie\u0144 pe\u0142en emocji, kolor\u00f3w i nauki poprzez zabaw\u0119, kt\u00f3ry na d\u0142ugo pozostanie w pami\u0119ci naszych ma\u0142ych odkrywc\u00f3w.<\/span><\/p>\n<p><span style=\"color: #000000;\">Warsztaty rozpocz\u0119\u0142y si\u0119 w godzinach porannych w specjalnie przygotowanej sali. Dzieci zosta\u0142y powitane przez prowadz\u0105c\u0105, kt\u00f3ra w zabawny i przyst\u0119pny spos\u00f3b opowiedzia\u0142a, czym zajmuje si\u0119 chemia. Dzieci dowiedzia\u0142y si\u0119, \u017ce chemia to nie tylko trudne s\u0142owa, ale r\u00f3wnie\u017c magia, kt\u00f3r\u0105 mo\u017cna zobaczy\u0107, dotkn\u0105\u0107, a czasem nawet pow\u0105cha\u0107.<\/span><br \/>\n<span style=\"color: #000000;\">Po kr\u00f3tkim wst\u0119pie dzieci za\u0142o\u017cy\u0142y ochronne fartuszki co wywo\u0142a\u0142o wiele rado\u015bci i sprawi\u0142o, \u017ce poczu\u0142y si\u0119 jak prawdziwi naukowcy. Nast\u0119pnie przyst\u0105pi\u0142y do wykonywania prostych, bezpiecznych do\u015bwiadcze\u0144, dostosowanych do ich wieku i mo\u017cliwo\u015bci. Ka\u017cdy eksperyment by\u0142 poprzedzony kr\u00f3tkim wyja\u015bnieniem, co si\u0119 wydarzy i dlaczego. Dzieci by\u0142y bardzo zaanga\u017cowane, ch\u0119tne do dzia\u0142ania i z wielkim zainteresowaniem obserwowa\u0142y wszystkie reakcje.<\/span><\/p>\n<p><span style=\"color: #000000;\">Dzie\u0144 ten by\u0142 nie tylko okazj\u0105 do \u015bwietnej zabawy, ale r\u00f3wnie\u017c do rozwijania ciekawo\u015bci \u015bwiata, logicznego my\u015blenia i wsp\u00f3\u0142pracy w grupie.<\/span><\/p>\n<p style=\"text-align: right;\"><em>mgr Katarzyna P\u0142onka<\/em><\/p>\nngg_shortcode_0_placeholder\n","protected":false},"excerpt":{"rendered":"<p>Dnia 19 wrze\u015bnia w naszym przedszkolu odby\u0142y si\u0119 wyj\u0105tkowe warsztaty chemiczne dla dzieci z grupy &#8222;Misi\u00f3w&#8217; i &#8222;\u017babek&#8221;. By\u0142 to dzie\u0144 pe\u0142en emocji, kolor\u00f3w i [&hellip;]<\/p>\n","protected":false},"author":3,"featured_media":17136,"comment_status":"closed","ping_status":"closed","sticky":false,"template":"","format":"standard","meta":{"ngg_post_thumbnail":0,"footnotes":""},"categories":[4],"tags":[],"class_list":["post-17135","post","type-post","status-publish","format-standard","has-post-thumbnail","hentry","category-aktualnosci"],"_links":{"self":[{"href":"https:\/\/www.sp11.gliwice.pl\/index.php?rest_route=\/wp\/v2\/posts\/17135","targetHints":{"allow":["GET"]}}],"collection":[{"href":"https:\/\/www.sp11.gliwice.pl\/index.php?rest_route=\/wp\/v2\/posts"}],"about":[{"href":"https:\/\/www.sp11.gliwice.pl\/index.php?rest_route=\/wp\/v2\/types\/post"}],"author":[{"embeddable":true,"href":"https:\/\/www.sp11.gliwice.pl\/index.php?rest_route=\/wp\/v2\/users\/3"}],"replies":[{"embeddable":true,"href":"https:\/\/www.sp11.gliwice.pl\/index.php?rest_route=%2Fwp%2Fv2%2Fcomments&post=17135"}],"version-history":[{"count":1,"href":"https:\/\/www.sp11.gliwice.pl\/index.php?rest_route=\/wp\/v2\/posts\/17135\/revisions"}],"predecessor-version":[{"id":17137,"href":"https:\/\/www.sp11.gliwice.pl\/index.php?rest_route=\/wp\/v2\/posts\/17135\/revisions\/17137"}],"wp:featuredmedia":[{"embeddable":true,"href":"https:\/\/www.sp11.gliwice.pl\/index.php?rest_route=\/wp\/v2\/media\/17136"}],"wp:attachment":[{"href":"https:\/\/www.sp11.gliwice.pl\/index.php?rest_route=%2Fwp%2Fv2%2Fmedia&parent=17135"}],"wp:term":[{"taxonomy":"category","embeddable":true,"href":"https:\/\/www.sp11.gliwice.pl\/index.php?rest_route=%2Fwp%2Fv2%2Fcategories&post=17135"},{"taxonomy":"post_tag","embeddable":true,"href":"https:\/\/www.sp11.gliwice.pl\/index.php?rest_route=%2Fwp%2Fv2%2Ftags&post=17135"}],"curies":[{"name":"wp","href":"https:\/\/api.w.org\/{rel}","templated":true}]}}