{"id":17114,"date":"2025-09-16T13:08:57","date_gmt":"2025-09-16T11:08:57","guid":{"rendered":"https:\/\/www.sp11.gliwice.pl\/?p=17114"},"modified":"2025-09-16T13:29:30","modified_gmt":"2025-09-16T11:29:30","slug":"dbam-o-swoje-bezpieczenstwo-mam-prawo-czuc-sie-bezpiecznie","status":"publish","type":"post","link":"https:\/\/www.sp11.gliwice.pl\/?p=17114","title":{"rendered":"DBAM O SWOJE BEZPIECZE\u0143STWO. MAM PRAWO CZU\u0106 SI\u0118 BEZPIECZNIE."},"content":{"rendered":"<p><span style=\"color: #000000;\">W dniu 08.09.2025 r. w klasach 4-8 odby\u0142y si\u0119 pogadanki dotycz\u0105ce szeroko poj\u0119tego tematu bezpiecze\u0144stwa. Zaproszeni go\u015bcie &#8211; funkcjonariusze Komisariatu V Policji w Gliwicach, p. asp. Adam Dudka i p.asp. szt. Micha\u0142 Suchacki zwr\u00f3cili uczniom uwag\u0119, mi\u0119dzy innymi na bezpieczne poruszanie si\u0119 w miejscach publicznych, rozs\u0105dne korzystanie z Internetu itp. Motywowali r\u00f3wnie\u017c do si\u0119gania po pomoc os\u00f3b doros\u0142ych w sytuacjach trudnych, kryzysowych, niebezpiecznych.<\/span><br \/>\n<span style=\"color: #000000;\">Pogadanki podejmowane z uczniami naszej szko\u0142y przez przedstawicieli instytucji wspieraj\u0105cych s\u0105 cz\u0119\u015bci\u0105 cyklicznych dzia\u0142a\u0144 realizowanych w ramach Programu Wychowawczo-Profilaktycznego. Dzi\u0119kujemy!<\/span><\/p>\n<p style=\"text-align: right;\"><em>Wojciech Kijewski &#8211; Dyrektor Szko\u0142y<\/em><br \/>\n<em>Joanna Magiera &#8211; pedagog szkolny<\/em><\/p>\nngg_shortcode_0_placeholder\n","protected":false},"excerpt":{"rendered":"<p>W dniu 08.09.2025 r. w klasach 4-8 odby\u0142y si\u0119 pogadanki dotycz\u0105ce szeroko poj\u0119tego tematu bezpiecze\u0144stwa. Zaproszeni go\u015bcie &#8211; funkcjonariusze Komisariatu V Policji w Gliwicach, p. [&hellip;]<\/p>\n","protected":false},"author":3,"featured_media":17115,"comment_status":"closed","ping_status":"closed","sticky":false,"template":"","format":"standard","meta":{"ngg_post_thumbnail":0,"footnotes":""},"categories":[4],"tags":[],"class_list":["post-17114","post","type-post","status-publish","format-standard","has-post-thumbnail","hentry","category-aktualnosci"],"_links":{"self":[{"href":"https:\/\/www.sp11.gliwice.pl\/index.php?rest_route=\/wp\/v2\/posts\/17114","targetHints":{"allow":["GET"]}}],"collection":[{"href":"https:\/\/www.sp11.gliwice.pl\/index.php?rest_route=\/wp\/v2\/posts"}],"about":[{"href":"https:\/\/www.sp11.gliwice.pl\/index.php?rest_route=\/wp\/v2\/types\/post"}],"author":[{"embeddable":true,"href":"https:\/\/www.sp11.gliwice.pl\/index.php?rest_route=\/wp\/v2\/users\/3"}],"replies":[{"embeddable":true,"href":"https:\/\/www.sp11.gliwice.pl\/index.php?rest_route=%2Fwp%2Fv2%2Fcomments&post=17114"}],"version-history":[{"count":1,"href":"https:\/\/www.sp11.gliwice.pl\/index.php?rest_route=\/wp\/v2\/posts\/17114\/revisions"}],"predecessor-version":[{"id":17116,"href":"https:\/\/www.sp11.gliwice.pl\/index.php?rest_route=\/wp\/v2\/posts\/17114\/revisions\/17116"}],"wp:featuredmedia":[{"embeddable":true,"href":"https:\/\/www.sp11.gliwice.pl\/index.php?rest_route=\/wp\/v2\/media\/17115"}],"wp:attachment":[{"href":"https:\/\/www.sp11.gliwice.pl\/index.php?rest_route=%2Fwp%2Fv2%2Fmedia&parent=17114"}],"wp:term":[{"taxonomy":"category","embeddable":true,"href":"https:\/\/www.sp11.gliwice.pl\/index.php?rest_route=%2Fwp%2Fv2%2Fcategories&post=17114"},{"taxonomy":"post_tag","embeddable":true,"href":"https:\/\/www.sp11.gliwice.pl\/index.php?rest_route=%2Fwp%2Fv2%2Ftags&post=17114"}],"curies":[{"name":"wp","href":"https:\/\/api.w.org\/{rel}","templated":true}]}}