{"id":17090,"date":"2025-09-15T16:06:05","date_gmt":"2025-09-15T14:06:05","guid":{"rendered":"https:\/\/www.sp11.gliwice.pl\/?p=17090"},"modified":"2025-09-15T16:27:04","modified_gmt":"2025-09-15T14:27:04","slug":"odpowiedzialnosc-prawna-nieletnich","status":"publish","type":"post","link":"https:\/\/www.sp11.gliwice.pl\/?p=17090","title":{"rendered":"ODPOWIEDZIALNO\u015a\u0106 PRAWNA NIELETNICH i BEZPIECZNA DROGA DO SZKO\u0141Y"},"content":{"rendered":"<p><span style=\"color: #000000;\">W dniu 05.09.2025 r. po raz kolejny go\u015bcili\u015bmy w naszej szkole p.asp. Mateusza Pi\u00f3rkowskiego z Wydzia\u0142u Prewencji w Komendzie Miejskiej Policji w Gliwicach. Tym razem uczniowie klas 4-8 mieli okazj\u0119 pos\u0142ucha\u0107 tre\u015bci dotycz\u0105cych &#8222;Odpowiedzialno\u015bci prawnej os\u00f3b nieletnich&#8221;. W imieniu Dyrektora Szko\u0142y, nauczycieli, uczni\u00f3w i rodzic\u00f3w dzi\u0119kujemy za wsp\u00f3\u0142prac\u0119, w tym rozumienie naszych potrzeb i bardzo mi\u0142\u0105 atmosfer\u0119 podczas zaj\u0119\u0107 \ud83d\ude42<\/span><\/p>\n<p style=\"text-align: right;\">&nbsp;<\/p>\nngg_shortcode_0_placeholder\n<p><span style=\"color: #000000;\">BEZPIECZNA DROGA DO SZKO\u0141Y<\/span><\/p>\n<p><span style=\"color: #000000;\">Tego samego dnia, 05.09.2025 r. odwiedzili nas r\u00f3wnie\u017c funkcjonariusze Wydzia\u0142u Ruchu Drogowego w Komendzie Miejskiej Policji w Gliwicach z p. st. sier\u017cant Milen\u0105 Szyma\u0144sk\u0105 na czele. Pan sier\u017c. Jacek Kuczera i p.st. posterunkowy Adrian Zaj\u0105c podj\u0119li z uczniami klas I-III bardzo wa\u017cny temat &#8222;Bezpiecze\u0144stwa w czasie drogi do szko\u0142y&#8221;. Zwie\u0144czeniem pogadanek by\u0142y odwiedziny dzieci, tak\u017ce z oddzia\u0142\u00f3w przedszkolnych i klasy 0 w policyjnym radiowozie. Ta cz\u0119\u015b\u0107 zaj\u0119\u0107, jak zwykle wzbudzi\u0142a najwi\u0119cej emocji w\u015br\u00f3d najm\u0142odszych uczestnik\u00f3w. Wydarzeniu towarzyszy\u0142 Sznupek &#8211; policyjna maskotka i wierny str\u00f3\u017c prawa \ud83d\ude42<\/span><br \/>\n<span style=\"color: #000000;\">Bardzo dzi\u0119kujemy \ud83d\ude42<\/span><\/p>\nngg_shortcode_1_placeholder\n<p style=\"text-align: right;\"><em>Szkolni specjali\u015bci<\/em><br \/>\n<em>Katarzyna Bober<\/em><br \/>\n<em>Agnieszka Zwoli\u0144ska<\/em><br \/>\n<em>Joanna Magiera<\/em><\/p>\n","protected":false},"excerpt":{"rendered":"<p>W dniu 05.09.2025 r. po raz kolejny go\u015bcili\u015bmy w naszej szkole p.asp. Mateusza Pi\u00f3rkowskiego z Wydzia\u0142u Prewencji w Komendzie Miejskiej Policji w Gliwicach. Tym razem [&hellip;]<\/p>\n","protected":false},"author":3,"featured_media":17091,"comment_status":"closed","ping_status":"closed","sticky":false,"template":"","format":"standard","meta":{"ngg_post_thumbnail":0,"footnotes":""},"categories":[4],"tags":[],"class_list":["post-17090","post","type-post","status-publish","format-standard","has-post-thumbnail","hentry","category-aktualnosci"],"_links":{"self":[{"href":"https:\/\/www.sp11.gliwice.pl\/index.php?rest_route=\/wp\/v2\/posts\/17090","targetHints":{"allow":["GET"]}}],"collection":[{"href":"https:\/\/www.sp11.gliwice.pl\/index.php?rest_route=\/wp\/v2\/posts"}],"about":[{"href":"https:\/\/www.sp11.gliwice.pl\/index.php?rest_route=\/wp\/v2\/types\/post"}],"author":[{"embeddable":true,"href":"https:\/\/www.sp11.gliwice.pl\/index.php?rest_route=\/wp\/v2\/users\/3"}],"replies":[{"embeddable":true,"href":"https:\/\/www.sp11.gliwice.pl\/index.php?rest_route=%2Fwp%2Fv2%2Fcomments&post=17090"}],"version-history":[{"count":3,"href":"https:\/\/www.sp11.gliwice.pl\/index.php?rest_route=\/wp\/v2\/posts\/17090\/revisions"}],"predecessor-version":[{"id":17101,"href":"https:\/\/www.sp11.gliwice.pl\/index.php?rest_route=\/wp\/v2\/posts\/17090\/revisions\/17101"}],"wp:featuredmedia":[{"embeddable":true,"href":"https:\/\/www.sp11.gliwice.pl\/index.php?rest_route=\/wp\/v2\/media\/17091"}],"wp:attachment":[{"href":"https:\/\/www.sp11.gliwice.pl\/index.php?rest_route=%2Fwp%2Fv2%2Fmedia&parent=17090"}],"wp:term":[{"taxonomy":"category","embeddable":true,"href":"https:\/\/www.sp11.gliwice.pl\/index.php?rest_route=%2Fwp%2Fv2%2Fcategories&post=17090"},{"taxonomy":"post_tag","embeddable":true,"href":"https:\/\/www.sp11.gliwice.pl\/index.php?rest_route=%2Fwp%2Fv2%2Ftags&post=17090"}],"curies":[{"name":"wp","href":"https:\/\/api.w.org\/{rel}","templated":true}]}}