{"id":17082,"date":"2025-09-15T15:48:57","date_gmt":"2025-09-15T13:48:57","guid":{"rendered":"https:\/\/www.sp11.gliwice.pl\/?p=17082"},"modified":"2025-09-15T15:48:57","modified_gmt":"2025-09-15T13:48:57","slug":"konkurs-list-do-taty","status":"publish","type":"post","link":"https:\/\/www.sp11.gliwice.pl\/?p=17082","title":{"rendered":"Konkurs &#8222;List do taty&#8221;"},"content":{"rendered":"<p><span style=\"color: #000000;\"><strong>O Tacie prosto z serca\u2026<\/strong><\/span><\/p>\n<p><span style=\"color: #000000;\"><strong>&nbsp;<\/strong>&nbsp;&nbsp;&nbsp;&nbsp;&nbsp;&nbsp;&nbsp;&nbsp;&nbsp;&nbsp;&nbsp; W pi\u0105tek, 5 wrze\u015bnia, na zaproszenie senatora Zygmunta Frankiewicza uczennice naszej Szko\u0142y: <strong>Oliwia Suszczyk<\/strong> z kl. 6a oraz <strong>Yana Svintak<\/strong>, <strong>Zuzanna Szyma\u0144ska<\/strong> i <strong>Aleksandra Zimnicka<\/strong> \u2013 z kl. 5a, wraz z opiekunami \u2013 p. Emili\u0105 Wilk-Krzy\u017cowsk\u0105 oraz p. Izabell\u0105 Jureczko uda\u0142y si\u0119 do Kina AMOK, by wzi\u0105\u0107 udzia\u0142 w uroczystym og\u0142oszeniu wynik\u00f3w etapu okr\u0119gowego 8. edycji konkursu ,,List do Taty\u201d.<\/span><\/p>\n<p><span style=\"color: #000000;\">&nbsp;&nbsp;&nbsp;&nbsp;&nbsp;&nbsp;&nbsp;&nbsp;&nbsp;&nbsp;&nbsp; Celem konkursu, organizowanego co dwa lata od 2011 r. przez Senat Rzeczypospolitej Polskiej, jest propagowanie dojrza\u0142ego i odpowiedzialnego ojcostwa. Jego adresatami s\u0105 uczniowie klas czwartych i&nbsp;pi\u0105tych szk\u00f3\u0142 podstawowych, kt\u00f3rych zadaniem jest napisanie pracy w formie listu do ojca na temat: kim jest i co dla mnie znaczy m\u00f3j tata.<\/span><\/p>\n<p><span style=\"color: #000000;\">&nbsp;&nbsp;&nbsp;&nbsp;&nbsp;&nbsp;&nbsp;&nbsp;&nbsp;&nbsp;&nbsp; W etapie okr\u0119gowym tegorocznej edycji konkursu wzi\u0119\u0142o udzia\u0142 a\u017c <strong>217 uczestnik\u00f3w<\/strong> \u2013 z Gliwic, powiatu gliwickiego i powiatu tarnog\u00f3rskiego. Wymaga\u0142 on od nich niezwyk\u0142ej wra\u017cliwo\u015bci i wielkiej odwagi do wyra\u017cania bardzo osobistych odczu\u0107, tote\u017c ju\u017c sam fakt udzia\u0142u w nim jest prawdziwym powodem do dumy.<\/span><\/p>\n<p><span style=\"color: #000000;\">&nbsp;&nbsp;&nbsp;&nbsp;&nbsp;&nbsp;&nbsp;&nbsp;&nbsp;&nbsp;&nbsp; W tym roku komisja konkursowa przyzna\u0142a <strong>21 wyr\u00f3\u017cnie\u0144. <\/strong>Tym wi\u0119ksz\u0105 rado\u015bci\u0105 i dum\u0105 napawa nas fakt zdobycia <strong>wyr\u00f3\u017cnienia<\/strong> przez uczennic\u0119 kl. 6a naszej Szko\u0142y \u2013 <strong>Oliwi\u0119 Suszczyk<\/strong>, kt\u00f3rej list, napisany pod kierunkiem p. Emilii Wilk-Krzy\u017cowskiej, by\u0142 wyj\u0105tkowy. Uzewn\u0119trznione w nim emocje oraz uczucia wzruszy\u0142y wiele serc i z pewno\u015bci\u0105 pozostan\u0105 w nich na zawsze.<\/span><\/p>\n<p><span style=\"color: #000000;\">&nbsp;&nbsp;&nbsp;&nbsp;&nbsp;&nbsp;&nbsp;&nbsp;&nbsp;&nbsp;&nbsp; Oliwio, jeste\u015bmy z Ciebie bardzo dumni! Z wielk\u0105 rado\u015bci\u0105 serdecznie Ci dzi\u0119kujemy, gratulujemy oraz \u017cyczymy dalszych sukces\u00f3w!<\/span><\/p>\n<p>&nbsp;<\/p>\n<p style=\"text-align: right;\">&nbsp; &nbsp; &nbsp; &nbsp; &nbsp; &nbsp; &nbsp; &nbsp; &nbsp; &nbsp; &nbsp; &nbsp; &nbsp; &nbsp; &nbsp; &nbsp; &nbsp; &nbsp; &nbsp; &nbsp; &nbsp; &nbsp; &nbsp; &nbsp; &nbsp; &nbsp; &nbsp; &nbsp; &nbsp; &nbsp; &nbsp; &nbsp; &nbsp; &nbsp; &nbsp; &nbsp; &nbsp; &nbsp; &nbsp; &nbsp; &nbsp; &nbsp; &nbsp; &nbsp; &nbsp; &nbsp; &nbsp; &nbsp; &nbsp; &nbsp; &nbsp; &nbsp; &nbsp; &nbsp; &nbsp; &nbsp; &nbsp; &nbsp; &nbsp; &nbsp; &nbsp; &nbsp; &nbsp; &nbsp;<em> &nbsp;mgr Izabella Jureczko<\/em><\/p>\n<p style=\"text-align: right;\"><em>&nbsp; &nbsp; &nbsp; &nbsp; &nbsp; &nbsp; &nbsp; &nbsp; &nbsp; &nbsp; &nbsp; &nbsp; &nbsp; &nbsp; &nbsp; &nbsp; &nbsp; &nbsp; &nbsp; &nbsp; &nbsp; &nbsp; &nbsp; &nbsp; &nbsp; &nbsp; &nbsp; &nbsp; &nbsp; &nbsp; &nbsp; &nbsp; &nbsp; &nbsp; &nbsp; &nbsp; &nbsp; &nbsp; &nbsp; &nbsp; &nbsp; &nbsp; &nbsp; &nbsp; &nbsp; &nbsp; &nbsp; &nbsp; &nbsp; &nbsp; &nbsp; &nbsp; &nbsp; &nbsp; &nbsp; &nbsp; &nbsp; &nbsp; &nbsp; &nbsp; &nbsp; &nbsp; &nbsp; &nbsp; &nbsp;dr Emilia Wilk-Krzy\u017cowska<\/em><\/p>\nngg_shortcode_0_placeholder\n","protected":false},"excerpt":{"rendered":"<p>O Tacie prosto z serca\u2026 &nbsp;&nbsp;&nbsp;&nbsp;&nbsp;&nbsp;&nbsp;&nbsp;&nbsp;&nbsp;&nbsp;&nbsp; W pi\u0105tek, 5 wrze\u015bnia, na zaproszenie senatora Zygmunta Frankiewicza uczennice naszej Szko\u0142y: Oliwia Suszczyk z kl. 6a oraz Yana [&hellip;]<\/p>\n","protected":false},"author":3,"featured_media":17083,"comment_status":"closed","ping_status":"closed","sticky":false,"template":"","format":"standard","meta":{"ngg_post_thumbnail":0,"footnotes":""},"categories":[4],"tags":[],"class_list":["post-17082","post","type-post","status-publish","format-standard","has-post-thumbnail","hentry","category-aktualnosci"],"_links":{"self":[{"href":"https:\/\/www.sp11.gliwice.pl\/index.php?rest_route=\/wp\/v2\/posts\/17082","targetHints":{"allow":["GET"]}}],"collection":[{"href":"https:\/\/www.sp11.gliwice.pl\/index.php?rest_route=\/wp\/v2\/posts"}],"about":[{"href":"https:\/\/www.sp11.gliwice.pl\/index.php?rest_route=\/wp\/v2\/types\/post"}],"author":[{"embeddable":true,"href":"https:\/\/www.sp11.gliwice.pl\/index.php?rest_route=\/wp\/v2\/users\/3"}],"replies":[{"embeddable":true,"href":"https:\/\/www.sp11.gliwice.pl\/index.php?rest_route=%2Fwp%2Fv2%2Fcomments&post=17082"}],"version-history":[{"count":1,"href":"https:\/\/www.sp11.gliwice.pl\/index.php?rest_route=\/wp\/v2\/posts\/17082\/revisions"}],"predecessor-version":[{"id":17084,"href":"https:\/\/www.sp11.gliwice.pl\/index.php?rest_route=\/wp\/v2\/posts\/17082\/revisions\/17084"}],"wp:featuredmedia":[{"embeddable":true,"href":"https:\/\/www.sp11.gliwice.pl\/index.php?rest_route=\/wp\/v2\/media\/17083"}],"wp:attachment":[{"href":"https:\/\/www.sp11.gliwice.pl\/index.php?rest_route=%2Fwp%2Fv2%2Fmedia&parent=17082"}],"wp:term":[{"taxonomy":"category","embeddable":true,"href":"https:\/\/www.sp11.gliwice.pl\/index.php?rest_route=%2Fwp%2Fv2%2Fcategories&post=17082"},{"taxonomy":"post_tag","embeddable":true,"href":"https:\/\/www.sp11.gliwice.pl\/index.php?rest_route=%2Fwp%2Fv2%2Ftags&post=17082"}],"curies":[{"name":"wp","href":"https:\/\/api.w.org\/{rel}","templated":true}]}}