{"id":16993,"date":"2025-07-01T10:02:14","date_gmt":"2025-07-01T08:02:14","guid":{"rendered":"https:\/\/www.sp11.gliwice.pl\/?p=16993"},"modified":"2025-07-01T10:23:15","modified_gmt":"2025-07-01T08:23:15","slug":"zyczymy-wspanialych-i-bezpiecznych-wakacji","status":"publish","type":"post","link":"https:\/\/www.sp11.gliwice.pl\/?p=16993","title":{"rendered":"\u017byczymy wspania\u0142ych i bezpiecznych wakacji ! :)"},"content":{"rendered":"<p><span style=\"color: #000000;\">Przed zako\u0144czeniem roku szkolnego Policjanci z Komisariatu V w Gliwicach &#8211; <u><strong>aspirant&nbsp; Adam Dudka<\/strong><\/u> i&nbsp; <u><strong>aspirant sztabowy Micha\u0142 Suchacki<\/strong><\/u>&nbsp;przeprowadzili pogadanki na temat bezpiecze\u0144stwa podczas wakacji.&nbsp;<\/span><\/p>\n<p><span style=\"color: #000000;\">Ciesz\u0105c si\u0119 z czasu wolnego i pi\u0119knej pogody pami\u0119tajmy o bezpiecze\u0144stwie !&nbsp;<\/span><\/p>\nngg_shortcode_0_placeholder\n","protected":false},"excerpt":{"rendered":"<p>Przed zako\u0144czeniem roku szkolnego Policjanci z Komisariatu V w Gliwicach &#8211; aspirant&nbsp; Adam Dudka i&nbsp; aspirant sztabowy Micha\u0142 Suchacki&nbsp;przeprowadzili pogadanki na temat bezpiecze\u0144stwa podczas wakacji.&nbsp; [&hellip;]<\/p>\n","protected":false},"author":3,"featured_media":16995,"comment_status":"closed","ping_status":"closed","sticky":false,"template":"","format":"standard","meta":{"ngg_post_thumbnail":0,"footnotes":""},"categories":[4],"tags":[],"class_list":["post-16993","post","type-post","status-publish","format-standard","has-post-thumbnail","hentry","category-aktualnosci"],"_links":{"self":[{"href":"https:\/\/www.sp11.gliwice.pl\/index.php?rest_route=\/wp\/v2\/posts\/16993","targetHints":{"allow":["GET"]}}],"collection":[{"href":"https:\/\/www.sp11.gliwice.pl\/index.php?rest_route=\/wp\/v2\/posts"}],"about":[{"href":"https:\/\/www.sp11.gliwice.pl\/index.php?rest_route=\/wp\/v2\/types\/post"}],"author":[{"embeddable":true,"href":"https:\/\/www.sp11.gliwice.pl\/index.php?rest_route=\/wp\/v2\/users\/3"}],"replies":[{"embeddable":true,"href":"https:\/\/www.sp11.gliwice.pl\/index.php?rest_route=%2Fwp%2Fv2%2Fcomments&post=16993"}],"version-history":[{"count":3,"href":"https:\/\/www.sp11.gliwice.pl\/index.php?rest_route=\/wp\/v2\/posts\/16993\/revisions"}],"predecessor-version":[{"id":16998,"href":"https:\/\/www.sp11.gliwice.pl\/index.php?rest_route=\/wp\/v2\/posts\/16993\/revisions\/16998"}],"wp:featuredmedia":[{"embeddable":true,"href":"https:\/\/www.sp11.gliwice.pl\/index.php?rest_route=\/wp\/v2\/media\/16995"}],"wp:attachment":[{"href":"https:\/\/www.sp11.gliwice.pl\/index.php?rest_route=%2Fwp%2Fv2%2Fmedia&parent=16993"}],"wp:term":[{"taxonomy":"category","embeddable":true,"href":"https:\/\/www.sp11.gliwice.pl\/index.php?rest_route=%2Fwp%2Fv2%2Fcategories&post=16993"},{"taxonomy":"post_tag","embeddable":true,"href":"https:\/\/www.sp11.gliwice.pl\/index.php?rest_route=%2Fwp%2Fv2%2Ftags&post=16993"}],"curies":[{"name":"wp","href":"https:\/\/api.w.org\/{rel}","templated":true}]}}