{"id":16965,"date":"2025-07-01T08:56:33","date_gmt":"2025-07-01T06:56:33","guid":{"rendered":"https:\/\/www.sp11.gliwice.pl\/?p=16965"},"modified":"2025-07-01T08:58:12","modified_gmt":"2025-07-01T06:58:12","slug":"nele-znamy-i-kochamy","status":"publish","type":"post","link":"https:\/\/www.sp11.gliwice.pl\/?p=16965","title":{"rendered":"Nel\u0119 znamy i kochamy!"},"content":{"rendered":"<p><span style=\"color: #000000;\"><strong>Sukces naszych uczni\u00f3w w Mi\u0119dzyszkolnym Konkursie Plastyczno-Literackim<\/strong><\/span><\/p>\n<p><span style=\"color: #000000;\">&nbsp;&nbsp;&nbsp;&nbsp;&nbsp;&nbsp;&nbsp;&nbsp;&nbsp;&nbsp;&nbsp; Z wielk\u0105 rado\u015bci\u0105 i dum\u0105 informujemy, \u017ce w Mi\u0119dzyszkolnym Konkursie Plastyczno\u2013Literackim ,,Nela \u2013 ma\u0142a reporterka\u201d, zorganizowanym przez Szko\u0142\u0119 Podstawow\u0105 nr 8 w Gliwicach oraz Miejsk\u0105 Bibliotek\u0119 Publiczn\u0105 (Filia 22) w Gliwicach, nasi uczniowie okazali si\u0119 bezkonkurencyjni, zdobywaj\u0105c:<\/span><\/p>\n<p><span style=\"color: #000000;\">I miejsce \u2013 Agata Dutkiewicz \u2013 kl. 4a, Marcin Kastelik \u2013 kl. 7a<\/span><\/p>\n<p><span style=\"color: #000000;\">II miejsce \u2013&nbsp; Anastazja Gr\u0105dkowska \u2013 kl. 4a, Hanna Szewczyk \u2013 kl. 8a<\/span><\/p>\n<p><span style=\"color: #000000;\">III miejsce \u2013&nbsp; Miko\u0142aj Sobieski \u2013 kl. 4a, Julia Marmol \u2013 kl. 5a<\/span><\/p>\n<p><span style=\"color: #000000;\">Wyr\u00f3\u017cnienie: Dominika Badura \u2013 kl. 4a, Zofia P\u0142oszczyca \u2013 kl. 4a.<\/span><\/p>\n<p><span style=\"color: #000000;\">&nbsp;&nbsp;&nbsp;&nbsp;&nbsp;&nbsp;&nbsp;&nbsp;&nbsp;&nbsp;&nbsp; Wr\u0119czenia dyplom\u00f3w dokona\u0142 Dyrektor Szko\u0142y \u2013 Pan Wojciech Kijewski, 27 czerwca \u2013 podczas uroczystej akademii. Serdecznie gratulujemy laureatom konkursu i \u017cyczymy kolejnych sukces\u00f3w w przysz\u0142o\u015bci!<\/span><\/p>\n<p><span style=\"color: #000000;\">&nbsp;&nbsp;&nbsp;&nbsp;&nbsp;&nbsp;&nbsp;&nbsp;&nbsp;&nbsp;&nbsp; Nad przebiegiem konkursu w naszej Szkole czuwa\u0142y: p. Emilia Wilk-Krzy\u017cowska (kl. 5) oraz p. Izabella Jureczko (kl. 4, kl. 7 i kl. 8). Dzi\u0119kujemy!<\/span><\/p>\nngg_shortcode_0_placeholder\n","protected":false},"excerpt":{"rendered":"<p>Sukces naszych uczni\u00f3w w Mi\u0119dzyszkolnym Konkursie Plastyczno-Literackim &nbsp;&nbsp;&nbsp;&nbsp;&nbsp;&nbsp;&nbsp;&nbsp;&nbsp;&nbsp;&nbsp; Z wielk\u0105 rado\u015bci\u0105 i dum\u0105 informujemy, \u017ce w Mi\u0119dzyszkolnym Konkursie Plastyczno\u2013Literackim ,,Nela \u2013 ma\u0142a reporterka\u201d, zorganizowanym przez [&hellip;]<\/p>\n","protected":false},"author":3,"featured_media":16969,"comment_status":"closed","ping_status":"closed","sticky":false,"template":"","format":"standard","meta":{"ngg_post_thumbnail":0,"footnotes":""},"categories":[4],"tags":[],"class_list":["post-16965","post","type-post","status-publish","format-standard","has-post-thumbnail","hentry","category-aktualnosci"],"_links":{"self":[{"href":"https:\/\/www.sp11.gliwice.pl\/index.php?rest_route=\/wp\/v2\/posts\/16965","targetHints":{"allow":["GET"]}}],"collection":[{"href":"https:\/\/www.sp11.gliwice.pl\/index.php?rest_route=\/wp\/v2\/posts"}],"about":[{"href":"https:\/\/www.sp11.gliwice.pl\/index.php?rest_route=\/wp\/v2\/types\/post"}],"author":[{"embeddable":true,"href":"https:\/\/www.sp11.gliwice.pl\/index.php?rest_route=\/wp\/v2\/users\/3"}],"replies":[{"embeddable":true,"href":"https:\/\/www.sp11.gliwice.pl\/index.php?rest_route=%2Fwp%2Fv2%2Fcomments&post=16965"}],"version-history":[{"count":1,"href":"https:\/\/www.sp11.gliwice.pl\/index.php?rest_route=\/wp\/v2\/posts\/16965\/revisions"}],"predecessor-version":[{"id":16967,"href":"https:\/\/www.sp11.gliwice.pl\/index.php?rest_route=\/wp\/v2\/posts\/16965\/revisions\/16967"}],"wp:featuredmedia":[{"embeddable":true,"href":"https:\/\/www.sp11.gliwice.pl\/index.php?rest_route=\/wp\/v2\/media\/16969"}],"wp:attachment":[{"href":"https:\/\/www.sp11.gliwice.pl\/index.php?rest_route=%2Fwp%2Fv2%2Fmedia&parent=16965"}],"wp:term":[{"taxonomy":"category","embeddable":true,"href":"https:\/\/www.sp11.gliwice.pl\/index.php?rest_route=%2Fwp%2Fv2%2Fcategories&post=16965"},{"taxonomy":"post_tag","embeddable":true,"href":"https:\/\/www.sp11.gliwice.pl\/index.php?rest_route=%2Fwp%2Fv2%2Ftags&post=16965"}],"curies":[{"name":"wp","href":"https:\/\/api.w.org\/{rel}","templated":true}]}}