{"id":16953,"date":"2025-06-26T10:59:57","date_gmt":"2025-06-26T08:59:57","guid":{"rendered":"https:\/\/www.sp11.gliwice.pl\/?p=16953"},"modified":"2025-06-26T10:59:57","modified_gmt":"2025-06-26T08:59:57","slug":"premiera-spektaklu-slowik","status":"publish","type":"post","link":"https:\/\/www.sp11.gliwice.pl\/?p=16953","title":{"rendered":"PREMIERA SPEKTAKLU &#8222;S\u0141OWIK&#8221;"},"content":{"rendered":"<p><span style=\"color: #000000;\">Dnia 6 czerwca 2025 roku spo\u0142eczno\u015b\u0107 szkolna oraz przedszkolna mia\u0142a okazj\u0119 uczestniczy\u0107 w d\u0142ugo wyczekiwanym premierowym pokazie spektaklu pt. \u201eS\u0142owik\u201d przygotowanym przez uczestnik\u00f3w Szkolnego Ko\u0142a Teatralnego pod opiek\u0105 Pani Jolanty Lisowskiej oraz Pani Emilii Wilk-Krzy\u017cowskiej.&nbsp;<\/span><\/p>\n<p><span style=\"color: #000000;\">&nbsp;&nbsp;&nbsp;&nbsp;&nbsp;&nbsp;&nbsp;&nbsp;&nbsp;&nbsp;&nbsp; Uczniowie w mistrzowski spos\u00f3b zaprezentowali swoje umiej\u0119tno\u015bci oraz zdolno\u015bci aktorskie. Odpowiednia dykcja, wspania\u0142y gest sceniczny oraz uzewn\u0119trznione emocje pozwoli\u0142y im w idealny spos\u00f3b wcieli\u0107 si\u0119 w wybran\u0105 posta\u0107.<\/span><\/p>\n<p>N<span style=\"color: #000000;\">atomiast 7 czerwca&nbsp; odby\u0142&nbsp;<strong>POKAZ SPEKTAKLU <\/strong><strong>DLA RODZIC\u00d3W &#8211; <\/strong>najbli\u017csi Aktor\u00f3w Szkolnego Ko\u0142a Teatralnego mieli okazj\u0119 uczestniczy\u0107 w d\u0142ugo wyczekiwanym pokazie spektaklu<\/span><\/p>\n<p><span style=\"color: #000000;\">Serdecznie dzi\u0119kujemy wszystkim za obecno\u015b\u0107&nbsp;oraz wspania\u0142e popo\u0142udnie&nbsp;podsumowuj\u0105ce ca\u0142oroczn\u0105 prac\u0119!&nbsp;<\/span><\/p>\n<p><span style=\"color: #000000;\">&nbsp;&nbsp;&nbsp;&nbsp;&nbsp;&nbsp;&nbsp;&nbsp;&nbsp;&nbsp;&nbsp; &nbsp;&nbsp; &nbsp; &nbsp; &nbsp; &nbsp; &nbsp; &nbsp; &nbsp; &nbsp; &nbsp; &nbsp; &nbsp; &nbsp; &nbsp; &nbsp; &nbsp; &nbsp; &nbsp; &nbsp; &nbsp; &nbsp; &nbsp; &nbsp; &nbsp; &nbsp; &nbsp; &nbsp; &nbsp; &nbsp; &nbsp;<\/span><span style=\"color: #000000;\">&nbsp;&nbsp;&nbsp;&nbsp;&nbsp;&nbsp;&nbsp;&nbsp;&nbsp;&nbsp;&nbsp;&nbsp;&nbsp;&nbsp;&nbsp;&nbsp;&nbsp;&nbsp;&nbsp;&nbsp;&nbsp;&nbsp;&nbsp; Serdecznie gratulujemy Artystom wspania\u0142ego wyst\u0119pu!&nbsp;<\/span><\/p>\n<p style=\"text-align: center;\"><span style=\"color: #000000;\">Do zobaczenia w przysz\u0142ym roku szkolnym!<\/span><\/p>\n<p>&nbsp;<\/p>\n<p style=\"text-align: right;\">&nbsp;<em>&nbsp;Emilia Wilk-Krzy\u017cowska<br \/>\n<\/em><em>&nbsp;Jolanta Lisowska<\/em><\/p>\nngg_shortcode_0_placeholder\n","protected":false},"excerpt":{"rendered":"<p>Dnia 6 czerwca 2025 roku spo\u0142eczno\u015b\u0107 szkolna oraz przedszkolna mia\u0142a okazj\u0119 uczestniczy\u0107 w d\u0142ugo wyczekiwanym premierowym pokazie spektaklu pt. \u201eS\u0142owik\u201d przygotowanym przez uczestnik\u00f3w Szkolnego Ko\u0142a [&hellip;]<\/p>\n","protected":false},"author":3,"featured_media":16954,"comment_status":"closed","ping_status":"closed","sticky":false,"template":"","format":"standard","meta":{"ngg_post_thumbnail":0,"footnotes":""},"categories":[4],"tags":[],"class_list":["post-16953","post","type-post","status-publish","format-standard","has-post-thumbnail","hentry","category-aktualnosci"],"_links":{"self":[{"href":"https:\/\/www.sp11.gliwice.pl\/index.php?rest_route=\/wp\/v2\/posts\/16953","targetHints":{"allow":["GET"]}}],"collection":[{"href":"https:\/\/www.sp11.gliwice.pl\/index.php?rest_route=\/wp\/v2\/posts"}],"about":[{"href":"https:\/\/www.sp11.gliwice.pl\/index.php?rest_route=\/wp\/v2\/types\/post"}],"author":[{"embeddable":true,"href":"https:\/\/www.sp11.gliwice.pl\/index.php?rest_route=\/wp\/v2\/users\/3"}],"replies":[{"embeddable":true,"href":"https:\/\/www.sp11.gliwice.pl\/index.php?rest_route=%2Fwp%2Fv2%2Fcomments&post=16953"}],"version-history":[{"count":1,"href":"https:\/\/www.sp11.gliwice.pl\/index.php?rest_route=\/wp\/v2\/posts\/16953\/revisions"}],"predecessor-version":[{"id":16955,"href":"https:\/\/www.sp11.gliwice.pl\/index.php?rest_route=\/wp\/v2\/posts\/16953\/revisions\/16955"}],"wp:featuredmedia":[{"embeddable":true,"href":"https:\/\/www.sp11.gliwice.pl\/index.php?rest_route=\/wp\/v2\/media\/16954"}],"wp:attachment":[{"href":"https:\/\/www.sp11.gliwice.pl\/index.php?rest_route=%2Fwp%2Fv2%2Fmedia&parent=16953"}],"wp:term":[{"taxonomy":"category","embeddable":true,"href":"https:\/\/www.sp11.gliwice.pl\/index.php?rest_route=%2Fwp%2Fv2%2Fcategories&post=16953"},{"taxonomy":"post_tag","embeddable":true,"href":"https:\/\/www.sp11.gliwice.pl\/index.php?rest_route=%2Fwp%2Fv2%2Ftags&post=16953"}],"curies":[{"name":"wp","href":"https:\/\/api.w.org\/{rel}","templated":true}]}}