{"id":16942,"date":"2025-06-26T09:12:53","date_gmt":"2025-06-26T07:12:53","guid":{"rendered":"https:\/\/www.sp11.gliwice.pl\/?p=16942"},"modified":"2025-06-26T10:35:50","modified_gmt":"2025-06-26T08:35:50","slug":"laureatka-oliwia","status":"publish","type":"post","link":"https:\/\/www.sp11.gliwice.pl\/?p=16942","title":{"rendered":"Laureatka Oliwia"},"content":{"rendered":"<p><span style=\"color: #000000;\"><strong>III MIEJSCE <\/strong><strong>w KONKURSIE <\/strong><strong>\u201ePortret bliskiej osoby\u201d<\/strong><\/span><\/p>\n<p><span style=\"color: #000000;\">&nbsp;&nbsp;&nbsp;&nbsp;&nbsp;&nbsp;&nbsp;&nbsp;&nbsp;&nbsp;&nbsp; Oliwia Suszczyk \u2013 uczennica klasy 5a \u2013 zaj\u0119\u0142a III miejsce w Miejskim Konkursie Plastyczno-Literackim pod patronatem Prezydent Miasta Gliwice&nbsp;Katarzyny Kuczy\u0144skiej-Budki z okazji 160. rocznicy urodzin Olgi Bozna\u0144skiej <em>Portret bliskiej osoby <\/em>zorganizowanym przez Szko\u0142\u0119 Podstawow\u0105 nr 11 im. Hugona Ko\u0142\u0142\u0105taja w Gliwicach.<\/span><\/p>\n<p><span style=\"color: #000000;\">Z wielk\u0105 rado\u015bci\u0105 serdecznie gratulujemy oraz \u017cyczymy dalszych sukces\u00f3w! \ud83d\ude0a<\/span><\/p>\nngg_shortcode_0_placeholder\n<p style=\"text-align: right;\"><em>dr Emilia Wilk-Krzy\u017cowska<\/em><\/p>\n","protected":false},"excerpt":{"rendered":"<p>III MIEJSCE w KONKURSIE \u201ePortret bliskiej osoby\u201d &nbsp;&nbsp;&nbsp;&nbsp;&nbsp;&nbsp;&nbsp;&nbsp;&nbsp;&nbsp;&nbsp; Oliwia Suszczyk \u2013 uczennica klasy 5a \u2013 zaj\u0119\u0142a III miejsce w Miejskim Konkursie Plastyczno-Literackim pod patronatem Prezydent [&hellip;]<\/p>\n","protected":false},"author":3,"featured_media":16943,"comment_status":"closed","ping_status":"closed","sticky":false,"template":"","format":"standard","meta":{"ngg_post_thumbnail":0,"footnotes":""},"categories":[4],"tags":[],"class_list":["post-16942","post","type-post","status-publish","format-standard","has-post-thumbnail","hentry","category-aktualnosci"],"_links":{"self":[{"href":"https:\/\/www.sp11.gliwice.pl\/index.php?rest_route=\/wp\/v2\/posts\/16942","targetHints":{"allow":["GET"]}}],"collection":[{"href":"https:\/\/www.sp11.gliwice.pl\/index.php?rest_route=\/wp\/v2\/posts"}],"about":[{"href":"https:\/\/www.sp11.gliwice.pl\/index.php?rest_route=\/wp\/v2\/types\/post"}],"author":[{"embeddable":true,"href":"https:\/\/www.sp11.gliwice.pl\/index.php?rest_route=\/wp\/v2\/users\/3"}],"replies":[{"embeddable":true,"href":"https:\/\/www.sp11.gliwice.pl\/index.php?rest_route=%2Fwp%2Fv2%2Fcomments&post=16942"}],"version-history":[{"count":1,"href":"https:\/\/www.sp11.gliwice.pl\/index.php?rest_route=\/wp\/v2\/posts\/16942\/revisions"}],"predecessor-version":[{"id":16944,"href":"https:\/\/www.sp11.gliwice.pl\/index.php?rest_route=\/wp\/v2\/posts\/16942\/revisions\/16944"}],"wp:featuredmedia":[{"embeddable":true,"href":"https:\/\/www.sp11.gliwice.pl\/index.php?rest_route=\/wp\/v2\/media\/16943"}],"wp:attachment":[{"href":"https:\/\/www.sp11.gliwice.pl\/index.php?rest_route=%2Fwp%2Fv2%2Fmedia&parent=16942"}],"wp:term":[{"taxonomy":"category","embeddable":true,"href":"https:\/\/www.sp11.gliwice.pl\/index.php?rest_route=%2Fwp%2Fv2%2Fcategories&post=16942"},{"taxonomy":"post_tag","embeddable":true,"href":"https:\/\/www.sp11.gliwice.pl\/index.php?rest_route=%2Fwp%2Fv2%2Ftags&post=16942"}],"curies":[{"name":"wp","href":"https:\/\/api.w.org\/{rel}","templated":true}]}}