{"id":16931,"date":"2025-06-26T08:45:02","date_gmt":"2025-06-26T06:45:02","guid":{"rendered":"https:\/\/www.sp11.gliwice.pl\/?p=16931"},"modified":"2025-06-26T08:45:02","modified_gmt":"2025-06-26T06:45:02","slug":"dzien-mamy-i-taty-w-grupie-zabki","status":"publish","type":"post","link":"https:\/\/www.sp11.gliwice.pl\/?p=16931","title":{"rendered":"Dzie\u0144 Mamy i Taty w grupie \u017babki"},"content":{"rendered":"<p><span style=\"color: #000000;\">Z okazji Dnia Mamy i Taty grupa \u017babki przygotowa\u0142a film z \u017cyczeniami \ud83d\ude42&nbsp;<\/span><\/p>\n<p><span style=\"color: #000000;\">Zapraszamy do ogl\u0105dania \ud83d\ude42&nbsp;<\/span><\/p>\n<p><iframe title=\"Dzie\u0144 mamy i taty w grupie \u017babki\" width=\"640\" height=\"360\" src=\"https:\/\/www.youtube.com\/embed\/AUtao9FA7F0?feature=oembed\" frameborder=\"0\" allow=\"accelerometer; autoplay; clipboard-write; encrypted-media; gyroscope; picture-in-picture; web-share\" referrerpolicy=\"strict-origin-when-cross-origin\" allowfullscreen><\/iframe><\/p>\n","protected":false},"excerpt":{"rendered":"<p>Z okazji Dnia Mamy i Taty grupa \u017babki przygotowa\u0142a film z \u017cyczeniami \ud83d\ude42&nbsp; Zapraszamy do ogl\u0105dania \ud83d\ude42&nbsp;<\/p>\n","protected":false},"author":3,"featured_media":0,"comment_status":"closed","ping_status":"closed","sticky":false,"template":"","format":"standard","meta":{"ngg_post_thumbnail":0,"footnotes":""},"categories":[4],"tags":[],"class_list":["post-16931","post","type-post","status-publish","format-standard","hentry","category-aktualnosci"],"_links":{"self":[{"href":"https:\/\/www.sp11.gliwice.pl\/index.php?rest_route=\/wp\/v2\/posts\/16931","targetHints":{"allow":["GET"]}}],"collection":[{"href":"https:\/\/www.sp11.gliwice.pl\/index.php?rest_route=\/wp\/v2\/posts"}],"about":[{"href":"https:\/\/www.sp11.gliwice.pl\/index.php?rest_route=\/wp\/v2\/types\/post"}],"author":[{"embeddable":true,"href":"https:\/\/www.sp11.gliwice.pl\/index.php?rest_route=\/wp\/v2\/users\/3"}],"replies":[{"embeddable":true,"href":"https:\/\/www.sp11.gliwice.pl\/index.php?rest_route=%2Fwp%2Fv2%2Fcomments&post=16931"}],"version-history":[{"count":1,"href":"https:\/\/www.sp11.gliwice.pl\/index.php?rest_route=\/wp\/v2\/posts\/16931\/revisions"}],"predecessor-version":[{"id":16932,"href":"https:\/\/www.sp11.gliwice.pl\/index.php?rest_route=\/wp\/v2\/posts\/16931\/revisions\/16932"}],"wp:attachment":[{"href":"https:\/\/www.sp11.gliwice.pl\/index.php?rest_route=%2Fwp%2Fv2%2Fmedia&parent=16931"}],"wp:term":[{"taxonomy":"category","embeddable":true,"href":"https:\/\/www.sp11.gliwice.pl\/index.php?rest_route=%2Fwp%2Fv2%2Fcategories&post=16931"},{"taxonomy":"post_tag","embeddable":true,"href":"https:\/\/www.sp11.gliwice.pl\/index.php?rest_route=%2Fwp%2Fv2%2Ftags&post=16931"}],"curies":[{"name":"wp","href":"https:\/\/api.w.org\/{rel}","templated":true}]}}