{"id":16839,"date":"2025-06-18T14:47:23","date_gmt":"2025-06-18T12:47:23","guid":{"rendered":"https:\/\/www.sp11.gliwice.pl\/?p=16839"},"modified":"2025-06-18T14:47:23","modified_gmt":"2025-06-18T12:47:23","slug":"projekt-edukacyjny-i-klasa-5","status":"publish","type":"post","link":"https:\/\/www.sp11.gliwice.pl\/?p=16839","title":{"rendered":"Projekt edukacyjny i klasa 5"},"content":{"rendered":"<div dir=\"auto\">\n<div dir=\"auto\"><span style=\"color: #000000;\">W tym roku szkolnym klasa 5 kontynuuje udzia\u0142 w V edycji Mi\u0119dzynarodowego Projektu Edukacyjnego wspieraj\u0105cego rozw\u00f3j kreatywno\u015bci \u201eKreatywne Prace Plastyczne&#8221;, realizuj\u0105c co miesi\u0105c wybrane zadania projektowe.&nbsp;<\/span><\/div>\n<div dir=\"auto\"><span style=\"color: #000000;\">Opr\u00f3cz dobrej zabawy z plastyk\u0105 uczniowie rozwijaj\u0105 swoje talenty, kt\u00f3rych w klasie 5 nie brakuje.&nbsp;<\/span><\/div>\n<div dir=\"auto\"><span style=\"color: #000000;\">Oto marcowa fotogaleria prac projektowych.<\/span><\/div>\n<div dir=\"auto\">&nbsp;<\/div>\n<div dir=\"auto\" style=\"text-align: right;\"><em>mgr Aneta Rybowicz<\/em><\/div>\n<div dir=\"auto\">ngg_shortcode_0_placeholder<\/div>\n<\/div>\n","protected":false},"excerpt":{"rendered":"<p>W tym roku szkolnym klasa 5 kontynuuje udzia\u0142 w V edycji Mi\u0119dzynarodowego Projektu Edukacyjnego wspieraj\u0105cego rozw\u00f3j kreatywno\u015bci \u201eKreatywne Prace Plastyczne&#8221;, realizuj\u0105c co miesi\u0105c wybrane zadania [&hellip;]<\/p>\n","protected":false},"author":3,"featured_media":16840,"comment_status":"closed","ping_status":"closed","sticky":false,"template":"","format":"standard","meta":{"ngg_post_thumbnail":0,"footnotes":""},"categories":[4],"tags":[],"class_list":["post-16839","post","type-post","status-publish","format-standard","has-post-thumbnail","hentry","category-aktualnosci"],"_links":{"self":[{"href":"https:\/\/www.sp11.gliwice.pl\/index.php?rest_route=\/wp\/v2\/posts\/16839","targetHints":{"allow":["GET"]}}],"collection":[{"href":"https:\/\/www.sp11.gliwice.pl\/index.php?rest_route=\/wp\/v2\/posts"}],"about":[{"href":"https:\/\/www.sp11.gliwice.pl\/index.php?rest_route=\/wp\/v2\/types\/post"}],"author":[{"embeddable":true,"href":"https:\/\/www.sp11.gliwice.pl\/index.php?rest_route=\/wp\/v2\/users\/3"}],"replies":[{"embeddable":true,"href":"https:\/\/www.sp11.gliwice.pl\/index.php?rest_route=%2Fwp%2Fv2%2Fcomments&post=16839"}],"version-history":[{"count":1,"href":"https:\/\/www.sp11.gliwice.pl\/index.php?rest_route=\/wp\/v2\/posts\/16839\/revisions"}],"predecessor-version":[{"id":16841,"href":"https:\/\/www.sp11.gliwice.pl\/index.php?rest_route=\/wp\/v2\/posts\/16839\/revisions\/16841"}],"wp:featuredmedia":[{"embeddable":true,"href":"https:\/\/www.sp11.gliwice.pl\/index.php?rest_route=\/wp\/v2\/media\/16840"}],"wp:attachment":[{"href":"https:\/\/www.sp11.gliwice.pl\/index.php?rest_route=%2Fwp%2Fv2%2Fmedia&parent=16839"}],"wp:term":[{"taxonomy":"category","embeddable":true,"href":"https:\/\/www.sp11.gliwice.pl\/index.php?rest_route=%2Fwp%2Fv2%2Fcategories&post=16839"},{"taxonomy":"post_tag","embeddable":true,"href":"https:\/\/www.sp11.gliwice.pl\/index.php?rest_route=%2Fwp%2Fv2%2Ftags&post=16839"}],"curies":[{"name":"wp","href":"https:\/\/api.w.org\/{rel}","templated":true}]}}