{"id":16824,"date":"2025-06-18T14:38:53","date_gmt":"2025-06-18T12:38:53","guid":{"rendered":"https:\/\/www.sp11.gliwice.pl\/?p=16824"},"modified":"2025-06-18T14:38:53","modified_gmt":"2025-06-18T12:38:53","slug":"wielki-sukces-dominiki-gala-konkursu-z-j-niemieckiego","status":"publish","type":"post","link":"https:\/\/www.sp11.gliwice.pl\/?p=16824","title":{"rendered":"Wielki sukces Dominiki &#8211; Gala Konkursu z j. niemieckiego"},"content":{"rendered":"<p><span style=\"color: #000000;\">Dnia 05.06.2025r. odby\u0142a si\u0119 uroczysta gala fina\u0142owa wojew\u00f3dzkiego konkursu &#8222;Backwettbewerb- alle lieben Omas Kuchen&#8221;, w kt\u00f3rej wzi\u0119\u0142y udzia\u0142 uczennice klasy 4a- Dominika Badura oraz Anastazja Gr\u0105dkowska. Gala fina\u0142owa by\u0142a zarazem drugim etapem konkursu, w kt\u00f3rym uczennice przygotowa\u0142y i zaprezentowa\u0142y fiszki w j\u0119zyku niemieckim przedstawiaj\u0105ce sk\u0142adniki znajduj\u0105ce si\u0119 w szkolnej \u015bniadani\u00f3wce. Atrakcj\u0105 imprezy by\u0142y animacje j\u0119zykowe oraz warsztaty kulinarne, w kt\u00f3rych finali\u015bci tworzyli w\u0142asne kanapki. Uczestnicy przygotowali kanapki dla siebie oraz nauczycieli i rodzic\u00f3w. To by\u0142 wspania\u0142y moment integracji i relaksu przed kolejnym punktem programu, czyli prezentacji prac. Wydarzenie zako\u0144czy\u0142o si\u0119 wr\u0119czeniem nagr\u00f3d. Uczennica naszej szko\u0142y Dominika Badura zaj\u0119\u0142a III miejsce w kategorii wiekowej klas I-IV. Gratulujemy ogromnego sukcesu <\/span><br \/>\n<span style=\"color: #000000;\">i \u017cyczymy finalistkom dalszych osi\u0105gni\u0119\u0107 z j\u0119zyka niemieckiego!<\/span><\/p>\n<p style=\"text-align: right;\"><em>mgr Ma\u0142gorzata Pawe\u0142ek<\/em><\/p>\nngg_shortcode_0_placeholder\n","protected":false},"excerpt":{"rendered":"<p>Dnia 05.06.2025r. odby\u0142a si\u0119 uroczysta gala fina\u0142owa wojew\u00f3dzkiego konkursu &#8222;Backwettbewerb- alle lieben Omas Kuchen&#8221;, w kt\u00f3rej wzi\u0119\u0142y udzia\u0142 uczennice klasy 4a- Dominika Badura oraz Anastazja [&hellip;]<\/p>\n","protected":false},"author":3,"featured_media":16825,"comment_status":"closed","ping_status":"closed","sticky":false,"template":"","format":"standard","meta":{"ngg_post_thumbnail":0,"footnotes":""},"categories":[4],"tags":[],"class_list":["post-16824","post","type-post","status-publish","format-standard","has-post-thumbnail","hentry","category-aktualnosci"],"_links":{"self":[{"href":"https:\/\/www.sp11.gliwice.pl\/index.php?rest_route=\/wp\/v2\/posts\/16824","targetHints":{"allow":["GET"]}}],"collection":[{"href":"https:\/\/www.sp11.gliwice.pl\/index.php?rest_route=\/wp\/v2\/posts"}],"about":[{"href":"https:\/\/www.sp11.gliwice.pl\/index.php?rest_route=\/wp\/v2\/types\/post"}],"author":[{"embeddable":true,"href":"https:\/\/www.sp11.gliwice.pl\/index.php?rest_route=\/wp\/v2\/users\/3"}],"replies":[{"embeddable":true,"href":"https:\/\/www.sp11.gliwice.pl\/index.php?rest_route=%2Fwp%2Fv2%2Fcomments&post=16824"}],"version-history":[{"count":1,"href":"https:\/\/www.sp11.gliwice.pl\/index.php?rest_route=\/wp\/v2\/posts\/16824\/revisions"}],"predecessor-version":[{"id":16826,"href":"https:\/\/www.sp11.gliwice.pl\/index.php?rest_route=\/wp\/v2\/posts\/16824\/revisions\/16826"}],"wp:featuredmedia":[{"embeddable":true,"href":"https:\/\/www.sp11.gliwice.pl\/index.php?rest_route=\/wp\/v2\/media\/16825"}],"wp:attachment":[{"href":"https:\/\/www.sp11.gliwice.pl\/index.php?rest_route=%2Fwp%2Fv2%2Fmedia&parent=16824"}],"wp:term":[{"taxonomy":"category","embeddable":true,"href":"https:\/\/www.sp11.gliwice.pl\/index.php?rest_route=%2Fwp%2Fv2%2Fcategories&post=16824"},{"taxonomy":"post_tag","embeddable":true,"href":"https:\/\/www.sp11.gliwice.pl\/index.php?rest_route=%2Fwp%2Fv2%2Ftags&post=16824"}],"curies":[{"name":"wp","href":"https:\/\/api.w.org\/{rel}","templated":true}]}}