{"id":16794,"date":"2025-06-11T10:34:54","date_gmt":"2025-06-11T08:34:54","guid":{"rendered":"https:\/\/www.sp11.gliwice.pl\/?p=16794"},"modified":"2025-06-11T10:34:54","modified_gmt":"2025-06-11T08:34:54","slug":"dzien-dziecka-w-przedszkolu-3","status":"publish","type":"post","link":"https:\/\/www.sp11.gliwice.pl\/?p=16794","title":{"rendered":"Dzie\u0144 Dziecka w przedszkolu"},"content":{"rendered":"<p><span style=\"color: #000000;\">Dzie\u0144 dziecka to \u015bwi\u0119to, kt\u00f3re kochaj\u0105 wszystkie dzieciaki, zar\u00f3wno te ma\u0142e, jak i wi\u0119ksze. Z tej okazji miniony poniedzia\u0142ek by\u0142 dniem pe\u0142nym niespodzianek, rado\u015bci i zabawy. By\u0142y ta\u0144ce, \u015bpiewy, zabawy z chust\u0105 animacyjn\u0105 oraz konkurencje sportowe. Nie zabrak\u0142o r\u00f3wnie\u017c s\u0142odkiego pocz\u0119stunku. Grupy \u017babki i Misie wybra\u0142y si\u0119 do sali zabaw Czary Mary w Gliwicach. Dzieciaki z rado\u015bci\u0105 korzysta\u0142y ze wszystkich dost\u0119pnych sprz\u0119t\u00f3w. Nie straszne im by\u0142y trampoliny, hu\u015btawki, zje\u017cd\u017calnie, baseny z kulkami czy labirynty. Zm\u0119czone, ale szcz\u0119\u015bliwe wr\u00f3ci\u0142y do przedszkola. Mamy nadziej\u0119, \u017ce na twarzach naszych Przedszkolak\u00f3w codziennie b\u0119d\u0105 go\u015bci\u0142y takie u\u015bmiechy, jak tego dnia. Liczymy, \u017ce ka\u017cdy by\u0142 zadowolony z tak sp\u0119dzonego dnia, kt\u00f3ry z pewno\u015bci\u0105 na d\u0142ugo zostanie zapami\u0119tany. \ud83d\ude42<\/span><\/p>\n<p style=\"text-align: right;\"><em>mgr Natalia Jarocka<\/em><\/p>\nngg_shortcode_0_placeholder\n","protected":false},"excerpt":{"rendered":"<p>Dzie\u0144 dziecka to \u015bwi\u0119to, kt\u00f3re kochaj\u0105 wszystkie dzieciaki, zar\u00f3wno te ma\u0142e, jak i wi\u0119ksze. Z tej okazji miniony poniedzia\u0142ek by\u0142 dniem pe\u0142nym niespodzianek, rado\u015bci i [&hellip;]<\/p>\n","protected":false},"author":3,"featured_media":16795,"comment_status":"closed","ping_status":"closed","sticky":false,"template":"","format":"standard","meta":{"ngg_post_thumbnail":0,"footnotes":""},"categories":[4],"tags":[],"class_list":["post-16794","post","type-post","status-publish","format-standard","has-post-thumbnail","hentry","category-aktualnosci"],"_links":{"self":[{"href":"https:\/\/www.sp11.gliwice.pl\/index.php?rest_route=\/wp\/v2\/posts\/16794","targetHints":{"allow":["GET"]}}],"collection":[{"href":"https:\/\/www.sp11.gliwice.pl\/index.php?rest_route=\/wp\/v2\/posts"}],"about":[{"href":"https:\/\/www.sp11.gliwice.pl\/index.php?rest_route=\/wp\/v2\/types\/post"}],"author":[{"embeddable":true,"href":"https:\/\/www.sp11.gliwice.pl\/index.php?rest_route=\/wp\/v2\/users\/3"}],"replies":[{"embeddable":true,"href":"https:\/\/www.sp11.gliwice.pl\/index.php?rest_route=%2Fwp%2Fv2%2Fcomments&post=16794"}],"version-history":[{"count":1,"href":"https:\/\/www.sp11.gliwice.pl\/index.php?rest_route=\/wp\/v2\/posts\/16794\/revisions"}],"predecessor-version":[{"id":16796,"href":"https:\/\/www.sp11.gliwice.pl\/index.php?rest_route=\/wp\/v2\/posts\/16794\/revisions\/16796"}],"wp:featuredmedia":[{"embeddable":true,"href":"https:\/\/www.sp11.gliwice.pl\/index.php?rest_route=\/wp\/v2\/media\/16795"}],"wp:attachment":[{"href":"https:\/\/www.sp11.gliwice.pl\/index.php?rest_route=%2Fwp%2Fv2%2Fmedia&parent=16794"}],"wp:term":[{"taxonomy":"category","embeddable":true,"href":"https:\/\/www.sp11.gliwice.pl\/index.php?rest_route=%2Fwp%2Fv2%2Fcategories&post=16794"},{"taxonomy":"post_tag","embeddable":true,"href":"https:\/\/www.sp11.gliwice.pl\/index.php?rest_route=%2Fwp%2Fv2%2Ftags&post=16794"}],"curies":[{"name":"wp","href":"https:\/\/api.w.org\/{rel}","templated":true}]}}