{"id":16784,"date":"2025-06-11T10:29:56","date_gmt":"2025-06-11T08:29:56","guid":{"rendered":"https:\/\/www.sp11.gliwice.pl\/?p=16784"},"modified":"2025-06-11T10:29:56","modified_gmt":"2025-06-11T08:29:56","slug":"dzien-praw-zwierzat","status":"publish","type":"post","link":"https:\/\/www.sp11.gliwice.pl\/?p=16784","title":{"rendered":"Dzie\u0144 Praw Zwierz\u0105t"},"content":{"rendered":"<p><span style=\"color: #000000;\">22 maja to nietypowy dzie\u0144, ale z bardzo wa\u017cnym przes\u0142aniem. Jest to Og\u00f3lnopolski Dzie\u0144 Praw Zwierz\u0105t. Tego dnia we wszystkich grupach przedszkolnych przeprowadzono zaj\u0119cia edukacyjne maj\u0105ce na celu u\u015bwiadomienie naszym Przedszkolakom, \u017ce zwierz\u0119ta, zar\u00f3wno te domowe, jak i dzikie maj\u0105 swoje prawa i potrzeby. Dowiedzia\u0142y si\u0119 one jakie mog\u0105 podj\u0105\u0107 dzia\u0142ania, aby zwierz\u0105tkom \u017cy\u0142o si\u0119 lepiej. Tego dnia w grupie Kubusie Puchatki dzi\u0119ki uprzejmo\u015bci jednej z mam przeprowadzono warsztaty z mr\u00f3wkami w roli g\u0142\u00f3wnej. Dzieci pozna\u0142y \u015bwiat tych malutkich, ale bardzo interesuj\u0105cych stworze\u0144, ich zwyczaje i spos\u00f3b \u017cycia. Zaj\u0119cia zako\u0144czy\u0142y si\u0119 wykonaniem pi\u0119knych prac plastycznych ze zwierz\u0119tami.<\/span><\/p>\n<p style=\"text-align: right;\"><em>mgr Natalia Jarocka<\/em><\/p>\nngg_shortcode_0_placeholder\n","protected":false},"excerpt":{"rendered":"<p>22 maja to nietypowy dzie\u0144, ale z bardzo wa\u017cnym przes\u0142aniem. Jest to Og\u00f3lnopolski Dzie\u0144 Praw Zwierz\u0105t. Tego dnia we wszystkich grupach przedszkolnych przeprowadzono zaj\u0119cia edukacyjne [&hellip;]<\/p>\n","protected":false},"author":3,"featured_media":16785,"comment_status":"closed","ping_status":"closed","sticky":false,"template":"","format":"standard","meta":{"ngg_post_thumbnail":0,"footnotes":""},"categories":[4],"tags":[],"class_list":["post-16784","post","type-post","status-publish","format-standard","has-post-thumbnail","hentry","category-aktualnosci"],"_links":{"self":[{"href":"https:\/\/www.sp11.gliwice.pl\/index.php?rest_route=\/wp\/v2\/posts\/16784","targetHints":{"allow":["GET"]}}],"collection":[{"href":"https:\/\/www.sp11.gliwice.pl\/index.php?rest_route=\/wp\/v2\/posts"}],"about":[{"href":"https:\/\/www.sp11.gliwice.pl\/index.php?rest_route=\/wp\/v2\/types\/post"}],"author":[{"embeddable":true,"href":"https:\/\/www.sp11.gliwice.pl\/index.php?rest_route=\/wp\/v2\/users\/3"}],"replies":[{"embeddable":true,"href":"https:\/\/www.sp11.gliwice.pl\/index.php?rest_route=%2Fwp%2Fv2%2Fcomments&post=16784"}],"version-history":[{"count":1,"href":"https:\/\/www.sp11.gliwice.pl\/index.php?rest_route=\/wp\/v2\/posts\/16784\/revisions"}],"predecessor-version":[{"id":16786,"href":"https:\/\/www.sp11.gliwice.pl\/index.php?rest_route=\/wp\/v2\/posts\/16784\/revisions\/16786"}],"wp:featuredmedia":[{"embeddable":true,"href":"https:\/\/www.sp11.gliwice.pl\/index.php?rest_route=\/wp\/v2\/media\/16785"}],"wp:attachment":[{"href":"https:\/\/www.sp11.gliwice.pl\/index.php?rest_route=%2Fwp%2Fv2%2Fmedia&parent=16784"}],"wp:term":[{"taxonomy":"category","embeddable":true,"href":"https:\/\/www.sp11.gliwice.pl\/index.php?rest_route=%2Fwp%2Fv2%2Fcategories&post=16784"},{"taxonomy":"post_tag","embeddable":true,"href":"https:\/\/www.sp11.gliwice.pl\/index.php?rest_route=%2Fwp%2Fv2%2Ftags&post=16784"}],"curies":[{"name":"wp","href":"https:\/\/api.w.org\/{rel}","templated":true}]}}