{"id":16755,"date":"2025-06-11T09:41:13","date_gmt":"2025-06-11T07:41:13","guid":{"rendered":"https:\/\/www.sp11.gliwice.pl\/?p=16755"},"modified":"2025-06-11T09:41:13","modified_gmt":"2025-06-11T07:41:13","slug":"7a-na-wycieczce-w-wisle","status":"publish","type":"post","link":"https:\/\/www.sp11.gliwice.pl\/?p=16755","title":{"rendered":"7a na wycieczce w Wi\u015ble"},"content":{"rendered":"<p><span style=\"color: #000000;\">W dniach 26\u201328 maja 2025 roku klasa 7a wybra\u0142a si\u0119 na trzydniow\u0105 wycieczk\u0119 poci\u0105giem do Wis\u0142y. Podczas wycieczki uczniowie spacerowali po okolicy, podziwiaj\u0105c g\u00f3rskie krajobrazy, odwiedzili skoczni\u0119 im. Adama Ma\u0142ysza i wjechali gondol\u0105 na szczyt z pi\u0119knym widokiem na Beskidy. Zwiedzili tak\u017ce centrum Wis\u0142y, spaceruj\u0105c po parku i bulwarze nad rzek\u0105. Nie zabrak\u0142o wsp\u00f3lnych zabaw na \u015bwie\u017cym powietrzu i wieczornych ognisk z kie\u0142baskami. Wycieczka by\u0142a dla nas \u015bwietn\u0105 okazj\u0105 do wsp\u00f3lnego sp\u0119dzenia czasu i odpoczynku w pi\u0119knym, g\u00f3rskim otoczeniu.<\/span><\/p>\n<p style=\"text-align: right;\"><em>mgr Alicja Cielesta<\/em><\/p>\nngg_shortcode_0_placeholder\n","protected":false},"excerpt":{"rendered":"<p>W dniach 26\u201328 maja 2025 roku klasa 7a wybra\u0142a si\u0119 na trzydniow\u0105 wycieczk\u0119 poci\u0105giem do Wis\u0142y. Podczas wycieczki uczniowie spacerowali po okolicy, podziwiaj\u0105c g\u00f3rskie krajobrazy, [&hellip;]<\/p>\n","protected":false},"author":3,"featured_media":16756,"comment_status":"closed","ping_status":"closed","sticky":false,"template":"","format":"standard","meta":{"ngg_post_thumbnail":0,"footnotes":""},"categories":[4],"tags":[],"class_list":["post-16755","post","type-post","status-publish","format-standard","has-post-thumbnail","hentry","category-aktualnosci"],"_links":{"self":[{"href":"https:\/\/www.sp11.gliwice.pl\/index.php?rest_route=\/wp\/v2\/posts\/16755","targetHints":{"allow":["GET"]}}],"collection":[{"href":"https:\/\/www.sp11.gliwice.pl\/index.php?rest_route=\/wp\/v2\/posts"}],"about":[{"href":"https:\/\/www.sp11.gliwice.pl\/index.php?rest_route=\/wp\/v2\/types\/post"}],"author":[{"embeddable":true,"href":"https:\/\/www.sp11.gliwice.pl\/index.php?rest_route=\/wp\/v2\/users\/3"}],"replies":[{"embeddable":true,"href":"https:\/\/www.sp11.gliwice.pl\/index.php?rest_route=%2Fwp%2Fv2%2Fcomments&post=16755"}],"version-history":[{"count":1,"href":"https:\/\/www.sp11.gliwice.pl\/index.php?rest_route=\/wp\/v2\/posts\/16755\/revisions"}],"predecessor-version":[{"id":16757,"href":"https:\/\/www.sp11.gliwice.pl\/index.php?rest_route=\/wp\/v2\/posts\/16755\/revisions\/16757"}],"wp:featuredmedia":[{"embeddable":true,"href":"https:\/\/www.sp11.gliwice.pl\/index.php?rest_route=\/wp\/v2\/media\/16756"}],"wp:attachment":[{"href":"https:\/\/www.sp11.gliwice.pl\/index.php?rest_route=%2Fwp%2Fv2%2Fmedia&parent=16755"}],"wp:term":[{"taxonomy":"category","embeddable":true,"href":"https:\/\/www.sp11.gliwice.pl\/index.php?rest_route=%2Fwp%2Fv2%2Fcategories&post=16755"},{"taxonomy":"post_tag","embeddable":true,"href":"https:\/\/www.sp11.gliwice.pl\/index.php?rest_route=%2Fwp%2Fv2%2Ftags&post=16755"}],"curies":[{"name":"wp","href":"https:\/\/api.w.org\/{rel}","templated":true}]}}