{"id":16718,"date":"2025-05-30T08:51:30","date_gmt":"2025-05-30T06:51:30","guid":{"rendered":"https:\/\/www.sp11.gliwice.pl\/?p=16718"},"modified":"2025-05-30T08:54:25","modified_gmt":"2025-05-30T06:54:25","slug":"wyniki-miedzyszkolnego-konkursu-plastyczno-literackiego-portret-bliskiej-osoby","status":"publish","type":"post","link":"https:\/\/www.sp11.gliwice.pl\/?p=16718","title":{"rendered":"WYNIKI MI\u0118DZYSZKOLNEGO KONKURSU PLASTYCZNO &#8211; LITERACKIEGO &#8222;Portret bliskiej osoby&#8221;"},"content":{"rendered":"<p><span style=\"color: #000000;\"><strong>Komisja Konkursowa&nbsp;<\/strong><\/span><span style=\"color: #000000;\"><strong>Miejskiego Konkursu Plastyczno-Literackiego <\/strong><strong>pod patronatem Prezydent Miasta Gliwice Katarzyny Kuczy\u0144skiej-Budki&nbsp;<\/strong><strong>z okazji 160. rocznicy urodzin Olgi Bozna\u0144skiej&nbsp;<\/strong><strong><em>Portret bliskiej osoby&nbsp;<\/em><\/strong><strong>w roku szkolnym 2024\/2025<\/strong><\/span><\/p>\n<p><span style=\"color: #000000;\">przyzna\u0142a nagrody w dw\u00f3ch kategoriach, okre\u015blonych w regulaminie Konkursu, nast\u0119puj\u0105cym osobom:<\/span><\/p>\n<p><span style=\"color: #000000;\"><strong>kategoria klas IV-VI:<\/strong><\/span><\/p>\n<p><span style=\"color: #000000;\"><span style=\"color: #ff0000;\"><strong>I miejsce<\/strong><\/span> \u2013 Karolina Szpiegowska ze Szko\u0142y Podstawowej nr 14 w Gliwicach<\/span><\/p>\n<p><span style=\"color: #000000;\"><strong><span style=\"color: #ff0000;\">II miejsce<\/span><\/strong> \u2013 Julia \u0141akota z Zespo\u0142u Szkolno-Przedszkolnego nr 13 w Gliwicach<\/span><\/p>\n<p><span style=\"color: #000000;\"><strong><span style=\"color: #ff0000;\">III miejsce<\/span><\/strong> \u2013 Oliwia Suszczyk ze Szko\u0142y Podstawowej nr 11 w Gliwicach<\/span><\/p>\n<p><span style=\"color: #000000;\"><span style=\"color: #333399;\"><strong>Wyr\u00f3\u017cnienie<\/strong><\/span> \u2013 Maja Pakura z Zespo\u0142u Szkolno-Przedszkolnego nr 13 w Gliwicach<\/span><\/p>\n<p><span style=\"color: #000000;\"><strong>kategoria klas VII-VIII<\/strong><\/span><\/p>\n<p><span style=\"color: #000000;\"><span style=\"color: #ff0000;\"><strong>I miejsce<\/strong><\/span> \u2013 Alicja Pawlusi\u0144ska ze Szko\u0142y Podstawowej nr 18 w Gliwicach<\/span><\/p>\n<p><span style=\"color: #000000;\"><strong><span style=\"color: #ff0000;\">II miejsce<\/span><\/strong> \u2013 Natalia Brzezina ze Szko\u0142y Podstawowej nr 8 w Gliwicach<\/span><\/p>\n<p><span style=\"color: #000000;\"><strong>III miejsce<\/strong> \u2013 Alicja Bryndal ze Szko\u0142y Podstawowej nr 8 w Gliwicach<\/span><\/p>\n<p><span style=\"color: #000000;\"><strong><span style=\"color: #333399;\">Wyr\u00f3\u017cnienie<\/span><\/strong> \u2013 Julia Kopacz ze Szko\u0142y Podstawowej nr 8 w Gliwicach<\/span><\/p>\n<p>&nbsp;<\/p>\n<p><span style=\"color: #000000;\">Uczestnikom i opiekunom serdecznie gratulujemy i zapraszamy do kolejnych konkurs\u00f3w.<\/span><\/p>\n<p><span style=\"color: #000000;\">Dyplomy wraz z nagrodami zostan\u0105 dostarczone do plac\u00f3wek Laureat\u00f3w.<\/span><\/p>\n<p>&nbsp;<\/p>\n<p style=\"text-align: right;\"><em><span style=\"color: #999999;\">Jolanta Lisowska<\/span><\/em><\/p>\n<p style=\"text-align: right;\"><em><span style=\"color: #999999;\">Emilia Wilk-Krzy\u017cowska<\/span><\/em><\/p>\n","protected":false},"excerpt":{"rendered":"<p>Komisja Konkursowa&nbsp;Miejskiego Konkursu Plastyczno-Literackiego pod patronatem Prezydent Miasta Gliwice Katarzyny Kuczy\u0144skiej-Budki&nbsp;z okazji 160. rocznicy urodzin Olgi Bozna\u0144skiej&nbsp;Portret bliskiej osoby&nbsp;w roku szkolnym 2024\/2025 przyzna\u0142a nagrody w [&hellip;]<\/p>\n","protected":false},"author":3,"featured_media":16719,"comment_status":"closed","ping_status":"closed","sticky":false,"template":"","format":"standard","meta":{"ngg_post_thumbnail":0,"footnotes":""},"categories":[4],"tags":[],"class_list":["post-16718","post","type-post","status-publish","format-standard","has-post-thumbnail","hentry","category-aktualnosci"],"_links":{"self":[{"href":"https:\/\/www.sp11.gliwice.pl\/index.php?rest_route=\/wp\/v2\/posts\/16718","targetHints":{"allow":["GET"]}}],"collection":[{"href":"https:\/\/www.sp11.gliwice.pl\/index.php?rest_route=\/wp\/v2\/posts"}],"about":[{"href":"https:\/\/www.sp11.gliwice.pl\/index.php?rest_route=\/wp\/v2\/types\/post"}],"author":[{"embeddable":true,"href":"https:\/\/www.sp11.gliwice.pl\/index.php?rest_route=\/wp\/v2\/users\/3"}],"replies":[{"embeddable":true,"href":"https:\/\/www.sp11.gliwice.pl\/index.php?rest_route=%2Fwp%2Fv2%2Fcomments&post=16718"}],"version-history":[{"count":2,"href":"https:\/\/www.sp11.gliwice.pl\/index.php?rest_route=\/wp\/v2\/posts\/16718\/revisions"}],"predecessor-version":[{"id":16721,"href":"https:\/\/www.sp11.gliwice.pl\/index.php?rest_route=\/wp\/v2\/posts\/16718\/revisions\/16721"}],"wp:featuredmedia":[{"embeddable":true,"href":"https:\/\/www.sp11.gliwice.pl\/index.php?rest_route=\/wp\/v2\/media\/16719"}],"wp:attachment":[{"href":"https:\/\/www.sp11.gliwice.pl\/index.php?rest_route=%2Fwp%2Fv2%2Fmedia&parent=16718"}],"wp:term":[{"taxonomy":"category","embeddable":true,"href":"https:\/\/www.sp11.gliwice.pl\/index.php?rest_route=%2Fwp%2Fv2%2Fcategories&post=16718"},{"taxonomy":"post_tag","embeddable":true,"href":"https:\/\/www.sp11.gliwice.pl\/index.php?rest_route=%2Fwp%2Fv2%2Ftags&post=16718"}],"curies":[{"name":"wp","href":"https:\/\/api.w.org\/{rel}","templated":true}]}}