{"id":16714,"date":"2025-05-24T21:38:08","date_gmt":"2025-05-24T19:38:08","guid":{"rendered":"https:\/\/www.sp11.gliwice.pl\/?p=16714"},"modified":"2025-05-24T21:38:08","modified_gmt":"2025-05-24T19:38:08","slug":"prelekcja-dla-rodzicow","status":"publish","type":"post","link":"https:\/\/www.sp11.gliwice.pl\/?p=16714","title":{"rendered":"PRELEKCJA DLA RODZIC\u00d3W"},"content":{"rendered":"<p><span style=\"color: #000000;\">W dniu 21.05.2025 r. w ramach realizacji Szkolnego Programu Wychowawczo-Profilaktycznego, odby\u0142o si\u0119 spotkanie dla rodzic\u00f3w naszych uczni\u00f3w, przeprowadzone w odpowiedzi na zaproszenie przez p.asp.Mateusza Pi\u00f3rkowskiego, reprezentuj\u0105cego Wydzia\u0142 Prewencji w Komendzie Miejskiej Policji w Gliwicach. Tematem prelekcji by\u0142a &#8222;Odpowiedzialno\u015b\u0107 prawna nieletnich, w tym wsparcie rodzica w prawid\u0142owym funkcjonowaniu spo\u0142ecznym dziecka&#8221;. Poza solidn\u0105 dawk\u0105 wiedzy, spotkaniu towarzyszy\u0142a bardzo swobodna i mi\u0142a atmosfera.<\/span><br \/>\n<span style=\"color: #000000;\">Liczymy na wi\u0119cej w nowym roku szkolnym. To na pewno.<\/span><br \/>\n<span style=\"color: #000000;\">Tymczasem bardzo dzi\u0119kujemy p.Pi\u00f3rkowskiemu za dotychczasow\u0105 wsp\u00f3\u0142prac\u0119 oraz gotowo\u015b\u0107 do pomocy.<\/span><\/p>\n<p style=\"text-align: right;\">\n<em>Katarzyna Bober &#8211; psycholog szkolny<\/em><br \/>\n<em>Agnieszka Zwoli\u0144ska &#8211; pedagog specjalny<\/em><br \/>\n<em>Joanna Magiera &#8211; pedagog szko<\/em><em>lny<\/em><\/p>\nngg_shortcode_0_placeholder\n","protected":false},"excerpt":{"rendered":"<p>W dniu 21.05.2025 r. w ramach realizacji Szkolnego Programu Wychowawczo-Profilaktycznego, odby\u0142o si\u0119 spotkanie dla rodzic\u00f3w naszych uczni\u00f3w, przeprowadzone w odpowiedzi na zaproszenie przez p.asp.Mateusza Pi\u00f3rkowskiego, [&hellip;]<\/p>\n","protected":false},"author":3,"featured_media":16715,"comment_status":"closed","ping_status":"closed","sticky":false,"template":"","format":"standard","meta":{"ngg_post_thumbnail":0,"footnotes":""},"categories":[4],"tags":[],"class_list":["post-16714","post","type-post","status-publish","format-standard","has-post-thumbnail","hentry","category-aktualnosci"],"_links":{"self":[{"href":"https:\/\/www.sp11.gliwice.pl\/index.php?rest_route=\/wp\/v2\/posts\/16714","targetHints":{"allow":["GET"]}}],"collection":[{"href":"https:\/\/www.sp11.gliwice.pl\/index.php?rest_route=\/wp\/v2\/posts"}],"about":[{"href":"https:\/\/www.sp11.gliwice.pl\/index.php?rest_route=\/wp\/v2\/types\/post"}],"author":[{"embeddable":true,"href":"https:\/\/www.sp11.gliwice.pl\/index.php?rest_route=\/wp\/v2\/users\/3"}],"replies":[{"embeddable":true,"href":"https:\/\/www.sp11.gliwice.pl\/index.php?rest_route=%2Fwp%2Fv2%2Fcomments&post=16714"}],"version-history":[{"count":1,"href":"https:\/\/www.sp11.gliwice.pl\/index.php?rest_route=\/wp\/v2\/posts\/16714\/revisions"}],"predecessor-version":[{"id":16716,"href":"https:\/\/www.sp11.gliwice.pl\/index.php?rest_route=\/wp\/v2\/posts\/16714\/revisions\/16716"}],"wp:featuredmedia":[{"embeddable":true,"href":"https:\/\/www.sp11.gliwice.pl\/index.php?rest_route=\/wp\/v2\/media\/16715"}],"wp:attachment":[{"href":"https:\/\/www.sp11.gliwice.pl\/index.php?rest_route=%2Fwp%2Fv2%2Fmedia&parent=16714"}],"wp:term":[{"taxonomy":"category","embeddable":true,"href":"https:\/\/www.sp11.gliwice.pl\/index.php?rest_route=%2Fwp%2Fv2%2Fcategories&post=16714"},{"taxonomy":"post_tag","embeddable":true,"href":"https:\/\/www.sp11.gliwice.pl\/index.php?rest_route=%2Fwp%2Fv2%2Ftags&post=16714"}],"curies":[{"name":"wp","href":"https:\/\/api.w.org\/{rel}","templated":true}]}}