{"id":16692,"date":"2025-05-21T17:56:49","date_gmt":"2025-05-21T15:56:49","guid":{"rendered":"https:\/\/www.sp11.gliwice.pl\/?p=16692"},"modified":"2025-05-21T17:56:49","modified_gmt":"2025-05-21T15:56:49","slug":"konkurs-recytatorski-klas-4-8-2","status":"publish","type":"post","link":"https:\/\/www.sp11.gliwice.pl\/?p=16692","title":{"rendered":"KONKURS RECYTATORSKI KLAS 4-8"},"content":{"rendered":"<p><span style=\"color: #000000;\">20 maja 2025 r. w naszej Szkole odby\u0142 si\u0119 Szkolny Konkurs Recytatorski zatytu\u0142owany:&nbsp; \u201eWiersze, kt\u00f3re lubimy\u201d.&nbsp;<\/span><\/p>\n<p><span style=\"color: #000000;\">Wzi\u0119\u0142o w nim udzia\u0142 14 recytator\u00f3w, kt\u00f3rzy zaprezentowali utwory poetyckie znanych tw\u00f3rc\u00f3w \u2013 Wis\u0142awy Szymborskiej, Krzysztofa Kamila Baczy\u0144skiego, Kazimierza Przerwy-Tetmajera, Juliana Tuwima, Jana Brzechwy, Juliusza S\u0142owackiego, Jana Kochanowskiego. Jedna z recytatorek zaprezentowa\u0142a wiersz w\u0142asnego autorstwa.<\/span><\/p>\n<p><span style=\"color: #000000;\">Jury konkursu ocenia\u0142o opanowanie pami\u0119ciowe prezentowanego tekstu, interpretacj\u0119 wiersza, walory g\u0142osowe recytuj\u0105cego (dykcj\u0119, intonacj\u0119, artykulacj\u0119) oraz og\u00f3lny wyraz artystyczny.<\/span><\/p>\n<p><span style=\"color: #000000;\">Jury w sk\u0142adzie: pani Gra\u017cyna Szel\u0105g, pani Aneta Rybowicz i pani Izabella Jureczko, wy\u0142oni\u0142o zwyci\u0119zc\u00f3w:<\/span><\/p>\n<p><span style=\"color: #000000;\"><strong>I miejsce \u2013 Hanna Szewczyk,&nbsp; kl. 8a<\/strong><\/span><\/p>\n<p><span style=\"color: #000000;\"><strong>II miejsce \u2013 Zofia P\u0142oszczyca, kl. 4a<\/strong><\/span><\/p>\n<p><span style=\"color: #000000;\"><strong>III miejsce \u2013 Zuzanna Pyka, kl. 7a i Kaja Zdeb, kl. 5a<\/strong><\/span><\/p>\n<p><span style=\"color: #000000;\"><strong>Wyr\u00f3\u017cnienie: Dominika Badura, kl. 4a<\/strong><\/span><\/p>\n<p><span style=\"color: #000000;\">Og\u0142oszenia wynik\u00f3w konkursu oraz wr\u0119czenia nagr\u00f3d i dyplom\u00f3w dokona\u0142 Dyrektor Szko\u0142y \u2013 pan Wojciech Kijewski.<\/span><\/p>\n<p><span style=\"color: #000000;\"><strong>Gratulacje dla zwyci\u0119zc\u00f3w i nagrodzonych!<\/strong> Wszystkim uczestnikom dzi\u0119kujemy za wysi\u0142ek w\u0142o\u017cony w przygotowanie w\u0142asnych interpretacji wierszy i za udzia\u0142 w konkursie!<\/span><\/p>\n<p>&nbsp;<\/p>\n<p style=\"text-align: right;\">mgr I<em>zabella Jureczko<\/em><\/p>\n<p style=\"text-align: right;\"><em>mgr Gra\u017cyna Szel\u0105g<\/em><\/p>\n<p style=\"text-align: right;\"><em>dr Emilia Wilk-Krzy\u017cowska<\/em><\/p>\nngg_shortcode_0_placeholder\n","protected":false},"excerpt":{"rendered":"<p>20 maja 2025 r. w naszej Szkole odby\u0142 si\u0119 Szkolny Konkurs Recytatorski zatytu\u0142owany:&nbsp; \u201eWiersze, kt\u00f3re lubimy\u201d.&nbsp; Wzi\u0119\u0142o w nim udzia\u0142 14 recytator\u00f3w, kt\u00f3rzy zaprezentowali utwory [&hellip;]<\/p>\n","protected":false},"author":3,"featured_media":16693,"comment_status":"closed","ping_status":"closed","sticky":false,"template":"","format":"standard","meta":{"ngg_post_thumbnail":0,"footnotes":""},"categories":[4],"tags":[],"class_list":["post-16692","post","type-post","status-publish","format-standard","has-post-thumbnail","hentry","category-aktualnosci"],"_links":{"self":[{"href":"https:\/\/www.sp11.gliwice.pl\/index.php?rest_route=\/wp\/v2\/posts\/16692","targetHints":{"allow":["GET"]}}],"collection":[{"href":"https:\/\/www.sp11.gliwice.pl\/index.php?rest_route=\/wp\/v2\/posts"}],"about":[{"href":"https:\/\/www.sp11.gliwice.pl\/index.php?rest_route=\/wp\/v2\/types\/post"}],"author":[{"embeddable":true,"href":"https:\/\/www.sp11.gliwice.pl\/index.php?rest_route=\/wp\/v2\/users\/3"}],"replies":[{"embeddable":true,"href":"https:\/\/www.sp11.gliwice.pl\/index.php?rest_route=%2Fwp%2Fv2%2Fcomments&post=16692"}],"version-history":[{"count":1,"href":"https:\/\/www.sp11.gliwice.pl\/index.php?rest_route=\/wp\/v2\/posts\/16692\/revisions"}],"predecessor-version":[{"id":16694,"href":"https:\/\/www.sp11.gliwice.pl\/index.php?rest_route=\/wp\/v2\/posts\/16692\/revisions\/16694"}],"wp:featuredmedia":[{"embeddable":true,"href":"https:\/\/www.sp11.gliwice.pl\/index.php?rest_route=\/wp\/v2\/media\/16693"}],"wp:attachment":[{"href":"https:\/\/www.sp11.gliwice.pl\/index.php?rest_route=%2Fwp%2Fv2%2Fmedia&parent=16692"}],"wp:term":[{"taxonomy":"category","embeddable":true,"href":"https:\/\/www.sp11.gliwice.pl\/index.php?rest_route=%2Fwp%2Fv2%2Fcategories&post=16692"},{"taxonomy":"post_tag","embeddable":true,"href":"https:\/\/www.sp11.gliwice.pl\/index.php?rest_route=%2Fwp%2Fv2%2Ftags&post=16692"}],"curies":[{"name":"wp","href":"https:\/\/api.w.org\/{rel}","templated":true}]}}