{"id":16682,"date":"2025-05-19T20:05:42","date_gmt":"2025-05-19T18:05:42","guid":{"rendered":"https:\/\/www.sp11.gliwice.pl\/?p=16682"},"modified":"2025-05-19T20:06:04","modified_gmt":"2025-05-19T18:06:04","slug":"15-maja","status":"publish","type":"post","link":"https:\/\/www.sp11.gliwice.pl\/?p=16682","title":{"rendered":"15 maja &#8230; :)"},"content":{"rendered":"<p><span style=\"color: #000000;\">15 maja obchodzili\u015bmy w naszym przedszkolu dwa wa\u017cne wydarzenia: Dzie\u0144 Rodziny i Dzie\u0144 Polskiej Niezapominajki. Dzieci z grupy Je\u017cyk\u00f3w wykona\u0142y wspania\u0142e prac\u0119 zwi\u0105zane z ich Rodzinami.<\/span><\/p>\n<div dir=\"auto\"><span style=\"color: #000000;\">Przedszkolaki, dzi\u0119ki prezentacji multimedialnej dowiedzia\u0142y si\u0119 sk\u0105d wzi\u0119\u0142o si\u0119 to \u015bwi\u0119to, jakie rodzaje niezapominajek mo\u017cemy znale\u017a\u0107 w naszych ogrodach, na \u0142\u0105kach&#8230; Pozna\u0142y r\u00f3wnie\u017c piosenk\u0119 &#8221; Niezapominajki&#8221; ( s\u0142.Maria Konopnicka) , kt\u00f3ra bardzo przypad\u0142a im do gustu. Na koniec zaj\u0119\u0107, jak zwykle dzieci wykona\u0142y ciekawe prace plastyczne.<\/span><\/div>\n<div dir=\"auto\" style=\"text-align: right;\"><em>mgr Cecylia Pierzcha\u0142a<\/em><\/div>\n<div dir=\"auto\">ngg_shortcode_0_placeholder<\/div>\n","protected":false},"excerpt":{"rendered":"<p>15 maja obchodzili\u015bmy w naszym przedszkolu dwa wa\u017cne wydarzenia: Dzie\u0144 Rodziny i Dzie\u0144 Polskiej Niezapominajki. Dzieci z grupy Je\u017cyk\u00f3w wykona\u0142y wspania\u0142e prac\u0119 zwi\u0105zane z ich [&hellip;]<\/p>\n","protected":false},"author":3,"featured_media":16683,"comment_status":"closed","ping_status":"closed","sticky":false,"template":"","format":"standard","meta":{"ngg_post_thumbnail":0,"footnotes":""},"categories":[4],"tags":[],"class_list":["post-16682","post","type-post","status-publish","format-standard","has-post-thumbnail","hentry","category-aktualnosci"],"_links":{"self":[{"href":"https:\/\/www.sp11.gliwice.pl\/index.php?rest_route=\/wp\/v2\/posts\/16682","targetHints":{"allow":["GET"]}}],"collection":[{"href":"https:\/\/www.sp11.gliwice.pl\/index.php?rest_route=\/wp\/v2\/posts"}],"about":[{"href":"https:\/\/www.sp11.gliwice.pl\/index.php?rest_route=\/wp\/v2\/types\/post"}],"author":[{"embeddable":true,"href":"https:\/\/www.sp11.gliwice.pl\/index.php?rest_route=\/wp\/v2\/users\/3"}],"replies":[{"embeddable":true,"href":"https:\/\/www.sp11.gliwice.pl\/index.php?rest_route=%2Fwp%2Fv2%2Fcomments&post=16682"}],"version-history":[{"count":2,"href":"https:\/\/www.sp11.gliwice.pl\/index.php?rest_route=\/wp\/v2\/posts\/16682\/revisions"}],"predecessor-version":[{"id":16685,"href":"https:\/\/www.sp11.gliwice.pl\/index.php?rest_route=\/wp\/v2\/posts\/16682\/revisions\/16685"}],"wp:featuredmedia":[{"embeddable":true,"href":"https:\/\/www.sp11.gliwice.pl\/index.php?rest_route=\/wp\/v2\/media\/16683"}],"wp:attachment":[{"href":"https:\/\/www.sp11.gliwice.pl\/index.php?rest_route=%2Fwp%2Fv2%2Fmedia&parent=16682"}],"wp:term":[{"taxonomy":"category","embeddable":true,"href":"https:\/\/www.sp11.gliwice.pl\/index.php?rest_route=%2Fwp%2Fv2%2Fcategories&post=16682"},{"taxonomy":"post_tag","embeddable":true,"href":"https:\/\/www.sp11.gliwice.pl\/index.php?rest_route=%2Fwp%2Fv2%2Ftags&post=16682"}],"curies":[{"name":"wp","href":"https:\/\/api.w.org\/{rel}","templated":true}]}}