{"id":16665,"date":"2025-05-19T19:57:22","date_gmt":"2025-05-19T17:57:22","guid":{"rendered":"https:\/\/www.sp11.gliwice.pl\/?p=16665"},"modified":"2025-05-19T19:57:22","modified_gmt":"2025-05-19T17:57:22","slug":"dzien-strazaka","status":"publish","type":"post","link":"https:\/\/www.sp11.gliwice.pl\/?p=16665","title":{"rendered":"Dzie\u0144 Stra\u017caka"},"content":{"rendered":"<p><span style=\"color: #000000;\">Dzie\u0144 Stra\u017caka w przedszkolu to wyj\u0105tkowe wydarzenie, kt\u00f3re \u0142\u0105czy edukacj\u0119, zabaw\u0119 i szacunek dla s\u0142u\u017cb mundurowych. W ramach obchod\u00f3w dzieci mia\u0142y okazj\u0119 pozna\u0107 specyfik\u0119 pracy stra\u017cak\u00f3w, uczestniczy\u0107 w r\u00f3\u017cnorodnych aktywno\u015bciach oraz wyrazi\u0107 swoj\u0105 wdzi\u0119czno\u015b\u0107 za ich trudn\u0105 i odpowiedzialn\u0105 s\u0142u\u017cb\u0119. Dzieci przypomnia\u0142y sobie r\u00f3wnie\u017c numery alarmowe i zasady post\u0119powania w przypadku po\u017caru.<\/span><\/p>\n<p style=\"text-align: right;\"><em>mgr Katarzyna P\u0142onka<\/em><\/p>\nngg_shortcode_0_placeholder\n","protected":false},"excerpt":{"rendered":"<p>Dzie\u0144 Stra\u017caka w przedszkolu to wyj\u0105tkowe wydarzenie, kt\u00f3re \u0142\u0105czy edukacj\u0119, zabaw\u0119 i szacunek dla s\u0142u\u017cb mundurowych. W ramach obchod\u00f3w dzieci mia\u0142y okazj\u0119 pozna\u0107 specyfik\u0119 pracy [&hellip;]<\/p>\n","protected":false},"author":3,"featured_media":16666,"comment_status":"closed","ping_status":"closed","sticky":false,"template":"","format":"standard","meta":{"ngg_post_thumbnail":0,"footnotes":""},"categories":[4],"tags":[],"class_list":["post-16665","post","type-post","status-publish","format-standard","has-post-thumbnail","hentry","category-aktualnosci"],"_links":{"self":[{"href":"https:\/\/www.sp11.gliwice.pl\/index.php?rest_route=\/wp\/v2\/posts\/16665","targetHints":{"allow":["GET"]}}],"collection":[{"href":"https:\/\/www.sp11.gliwice.pl\/index.php?rest_route=\/wp\/v2\/posts"}],"about":[{"href":"https:\/\/www.sp11.gliwice.pl\/index.php?rest_route=\/wp\/v2\/types\/post"}],"author":[{"embeddable":true,"href":"https:\/\/www.sp11.gliwice.pl\/index.php?rest_route=\/wp\/v2\/users\/3"}],"replies":[{"embeddable":true,"href":"https:\/\/www.sp11.gliwice.pl\/index.php?rest_route=%2Fwp%2Fv2%2Fcomments&post=16665"}],"version-history":[{"count":1,"href":"https:\/\/www.sp11.gliwice.pl\/index.php?rest_route=\/wp\/v2\/posts\/16665\/revisions"}],"predecessor-version":[{"id":16667,"href":"https:\/\/www.sp11.gliwice.pl\/index.php?rest_route=\/wp\/v2\/posts\/16665\/revisions\/16667"}],"wp:featuredmedia":[{"embeddable":true,"href":"https:\/\/www.sp11.gliwice.pl\/index.php?rest_route=\/wp\/v2\/media\/16666"}],"wp:attachment":[{"href":"https:\/\/www.sp11.gliwice.pl\/index.php?rest_route=%2Fwp%2Fv2%2Fmedia&parent=16665"}],"wp:term":[{"taxonomy":"category","embeddable":true,"href":"https:\/\/www.sp11.gliwice.pl\/index.php?rest_route=%2Fwp%2Fv2%2Fcategories&post=16665"},{"taxonomy":"post_tag","embeddable":true,"href":"https:\/\/www.sp11.gliwice.pl\/index.php?rest_route=%2Fwp%2Fv2%2Ftags&post=16665"}],"curies":[{"name":"wp","href":"https:\/\/api.w.org\/{rel}","templated":true}]}}