{"id":16642,"date":"2025-05-07T15:00:15","date_gmt":"2025-05-07T13:00:15","guid":{"rendered":"https:\/\/www.sp11.gliwice.pl\/?p=16642"},"modified":"2025-05-07T15:00:15","modified_gmt":"2025-05-07T13:00:15","slug":"dzien-walki-z-dyskryminacja-osob-niepelnosprawnych-wspolne-dzialanie-i-empatia-w-sp-11","status":"publish","type":"post","link":"https:\/\/www.sp11.gliwice.pl\/?p=16642","title":{"rendered":"Dzie\u0144 Walki z Dyskryminacj\u0105 Os\u00f3b Niepe\u0142nosprawnych \u2013 wsp\u00f3lne dzia\u0142anie i empatia w SP 11"},"content":{"rendered":"<p><span style=\"color: #000000;\">Co roku, 5 maja, obchodzimy Dzie\u0144 Walki z Dyskryminacj\u0105 Os\u00f3b Niepe\u0142nosprawnych \u2013 to wyj\u0105tkowy moment, by przypomnie\u0107 sobie, \u017ce ka\u017cdy cz\u0142owiek ma prawo do pe\u0142nego uczestnictwa w \u017cyciu spo\u0142ecznym i zawodowym, niezale\u017cnie od swoich mo\u017cliwo\u015bci. To tak\u017ce doskona\u0142a okazja do budowania empatii i zrozumienia w\u015br\u00f3d najm\u0142odszych.<\/span><br \/>\n<span style=\"color: #000000;\">Z tej okazji, 5 maja 2025 r., wolontariuszki ze Szko\u0142y Podstawowej nr 11 zorganizowa\u0142y wyj\u0105tkowe dzia\u0142ania edukacyjne. Przekaza\u0142y uczniom klas 1\u20134 wiedz\u0119 na temat funkcjonowania os\u00f3b z niepe\u0142nosprawno\u015bciami, przygotowa\u0142y i przedstawi\u0142y prezentacj\u0119 multimedialn\u0105, wykonan\u0105 przez Zuzi\u0119, a tak\u017ce przeprowadzi\u0142y kr\u00f3tkie warsztaty, kt\u00f3re mia\u0142y na celu zwi\u0119kszenie \u015bwiadomo\u015bci i wra\u017cliwo\u015bci na potrzeby innych.<\/span><br \/>\n<span style=\"color: #000000;\">Dzie\u0144 p\u00f3\u017aniej, 6 maja, odwiedzili\u015bmy zaprzyja\u017anionych senior\u00f3w z Domu Pomocy Spo\u0142ecznej \u201eNasz Dom\u201d. Podczas spotkania nasze szkolne ko\u0142o teatralne wystawi\u0142o bajk\u0119 pt. \u201eKr\u00f3lewna \u015anie\u017cka\u201d, kt\u00f3ra sprawi\u0142a wiele rado\u015bci zar\u00f3wno widzom, jak i wyst\u0119puj\u0105cym. Po spektaklu sp\u0119dzili\u015bmy mi\u0142o czas przy herbatce i domowych wypiekach, przygotowanych przez naszych wolontariuszy i ich rodzic\u00f3w. By\u0142a to okazja do rozm\u00f3w, u\u015bmiechu i wzajemnego dzielenia si\u0119 dobrem.<\/span><br \/>\n<span style=\"color: #000000;\">To by\u0142 pi\u0119kny, wzruszaj\u0105cy czas \u2013 pe\u0142en zaanga\u017cowania, rado\u015bci i serdeczno\u015bci. Takie chwile pokazuj\u0105, jak wiele mo\u017cemy zdzia\u0142a\u0107 razem!<\/span><\/p>\n<p style=\"text-align: right;\"><em>mgr Alicja Cielesta<\/em><\/p>\nngg_shortcode_0_placeholder\n","protected":false},"excerpt":{"rendered":"<p>Co roku, 5 maja, obchodzimy Dzie\u0144 Walki z Dyskryminacj\u0105 Os\u00f3b Niepe\u0142nosprawnych \u2013 to wyj\u0105tkowy moment, by przypomnie\u0107 sobie, \u017ce ka\u017cdy cz\u0142owiek ma prawo do pe\u0142nego [&hellip;]<\/p>\n","protected":false},"author":3,"featured_media":16643,"comment_status":"closed","ping_status":"closed","sticky":false,"template":"","format":"standard","meta":{"ngg_post_thumbnail":0,"footnotes":""},"categories":[4],"tags":[],"class_list":["post-16642","post","type-post","status-publish","format-standard","has-post-thumbnail","hentry","category-aktualnosci"],"_links":{"self":[{"href":"https:\/\/www.sp11.gliwice.pl\/index.php?rest_route=\/wp\/v2\/posts\/16642","targetHints":{"allow":["GET"]}}],"collection":[{"href":"https:\/\/www.sp11.gliwice.pl\/index.php?rest_route=\/wp\/v2\/posts"}],"about":[{"href":"https:\/\/www.sp11.gliwice.pl\/index.php?rest_route=\/wp\/v2\/types\/post"}],"author":[{"embeddable":true,"href":"https:\/\/www.sp11.gliwice.pl\/index.php?rest_route=\/wp\/v2\/users\/3"}],"replies":[{"embeddable":true,"href":"https:\/\/www.sp11.gliwice.pl\/index.php?rest_route=%2Fwp%2Fv2%2Fcomments&post=16642"}],"version-history":[{"count":1,"href":"https:\/\/www.sp11.gliwice.pl\/index.php?rest_route=\/wp\/v2\/posts\/16642\/revisions"}],"predecessor-version":[{"id":16644,"href":"https:\/\/www.sp11.gliwice.pl\/index.php?rest_route=\/wp\/v2\/posts\/16642\/revisions\/16644"}],"wp:featuredmedia":[{"embeddable":true,"href":"https:\/\/www.sp11.gliwice.pl\/index.php?rest_route=\/wp\/v2\/media\/16643"}],"wp:attachment":[{"href":"https:\/\/www.sp11.gliwice.pl\/index.php?rest_route=%2Fwp%2Fv2%2Fmedia&parent=16642"}],"wp:term":[{"taxonomy":"category","embeddable":true,"href":"https:\/\/www.sp11.gliwice.pl\/index.php?rest_route=%2Fwp%2Fv2%2Fcategories&post=16642"},{"taxonomy":"post_tag","embeddable":true,"href":"https:\/\/www.sp11.gliwice.pl\/index.php?rest_route=%2Fwp%2Fv2%2Ftags&post=16642"}],"curies":[{"name":"wp","href":"https:\/\/api.w.org\/{rel}","templated":true}]}}