{"id":16612,"date":"2025-04-28T14:07:03","date_gmt":"2025-04-28T12:07:03","guid":{"rendered":"https:\/\/www.sp11.gliwice.pl\/?p=16612"},"modified":"2025-04-28T14:07:03","modified_gmt":"2025-04-28T12:07:03","slug":"wybieram-zawod","status":"publish","type":"post","link":"https:\/\/www.sp11.gliwice.pl\/?p=16612","title":{"rendered":"WYBIERAM ZAW\u00d3D"},"content":{"rendered":"<p><span style=\"color: #000000;\">W dniu 25. kwietnia.2025 r. uczniowie klasy 8a uczestniczyli w zaj\u0119ciach, kt\u00f3re w ramach doradztwa zawodowego przeprowadzi\u0142<\/span><br \/>\n<span style=\"color: #000000;\">p. Wies\u0142aw Jab\u0142o\u0144ski &#8211; dyrektor Biura Cechu Rzemios\u0142 R\u00f3\u017cnych i Przedsi\u0119biorczo\u015bci w Gliwicach. Tematem spotkania by\u0142o &#8222;Kszta\u0142cenie w zawodach rzemie\u015blniczych&#8221;. Uczniowie pozyskali wiedz\u0119 m. in. na temat zatrudnienia pracownik\u00f3w m\u0142odocianych w zak\u0142adach pracy, ich praw i obowi\u0105zk\u00f3w, tak\u017ce dotycz\u0105cych pracodawcy, egzamin\u00f3w potwierdzaj\u0105cych kwalifikacje zawodowe itp. Dzi\u0119kujemy p. Dyrektorowi za przyj\u0119cie zaproszenia i wsp\u00f3\u0142prac\u0119 w roku szkolnym 2024\/2025.<\/span><\/p>\n<p style=\"text-align: right;\"><em>Joanna Magiera &#8211; pedagog szkolny<\/em><\/p>\nngg_shortcode_0_placeholder\n","protected":false},"excerpt":{"rendered":"<p>W dniu 25. kwietnia.2025 r. uczniowie klasy 8a uczestniczyli w zaj\u0119ciach, kt\u00f3re w ramach doradztwa zawodowego przeprowadzi\u0142 p. Wies\u0142aw Jab\u0142o\u0144ski &#8211; dyrektor Biura Cechu Rzemios\u0142 [&hellip;]<\/p>\n","protected":false},"author":3,"featured_media":16607,"comment_status":"closed","ping_status":"closed","sticky":false,"template":"","format":"standard","meta":{"ngg_post_thumbnail":0,"footnotes":""},"categories":[4],"tags":[],"class_list":["post-16612","post","type-post","status-publish","format-standard","has-post-thumbnail","hentry","category-aktualnosci"],"_links":{"self":[{"href":"https:\/\/www.sp11.gliwice.pl\/index.php?rest_route=\/wp\/v2\/posts\/16612","targetHints":{"allow":["GET"]}}],"collection":[{"href":"https:\/\/www.sp11.gliwice.pl\/index.php?rest_route=\/wp\/v2\/posts"}],"about":[{"href":"https:\/\/www.sp11.gliwice.pl\/index.php?rest_route=\/wp\/v2\/types\/post"}],"author":[{"embeddable":true,"href":"https:\/\/www.sp11.gliwice.pl\/index.php?rest_route=\/wp\/v2\/users\/3"}],"replies":[{"embeddable":true,"href":"https:\/\/www.sp11.gliwice.pl\/index.php?rest_route=%2Fwp%2Fv2%2Fcomments&post=16612"}],"version-history":[{"count":1,"href":"https:\/\/www.sp11.gliwice.pl\/index.php?rest_route=\/wp\/v2\/posts\/16612\/revisions"}],"predecessor-version":[{"id":16613,"href":"https:\/\/www.sp11.gliwice.pl\/index.php?rest_route=\/wp\/v2\/posts\/16612\/revisions\/16613"}],"wp:featuredmedia":[{"embeddable":true,"href":"https:\/\/www.sp11.gliwice.pl\/index.php?rest_route=\/wp\/v2\/media\/16607"}],"wp:attachment":[{"href":"https:\/\/www.sp11.gliwice.pl\/index.php?rest_route=%2Fwp%2Fv2%2Fmedia&parent=16612"}],"wp:term":[{"taxonomy":"category","embeddable":true,"href":"https:\/\/www.sp11.gliwice.pl\/index.php?rest_route=%2Fwp%2Fv2%2Fcategories&post=16612"},{"taxonomy":"post_tag","embeddable":true,"href":"https:\/\/www.sp11.gliwice.pl\/index.php?rest_route=%2Fwp%2Fv2%2Ftags&post=16612"}],"curies":[{"name":"wp","href":"https:\/\/api.w.org\/{rel}","templated":true}]}}