{"id":16608,"date":"2025-04-28T14:03:04","date_gmt":"2025-04-28T12:03:04","guid":{"rendered":"https:\/\/www.sp11.gliwice.pl\/?p=16608"},"modified":"2025-04-28T14:03:04","modified_gmt":"2025-04-28T12:03:04","slug":"swieto-ksiazki","status":"publish","type":"post","link":"https:\/\/www.sp11.gliwice.pl\/?p=16608","title":{"rendered":"\u015awi\u0119to Ksi\u0105\u017cki"},"content":{"rendered":"<p><span style=\"color: #000000;\">W kwietniu obchodzili\u015bmy w przedszkolu \u015awiatowy Dzie\u0144 Ksi\u0105\u017cki. Ka\u017cde dziecko w tym dniu przynios\u0142o swoj\u0105 ulubion\u0105 ksi\u0105\u017ck\u0119, opowiedzia\u0142o sk\u0105d j\u0105 ma i jaka jest jej tre\u015b\u0107. Dzi\u0119ki prezentacji multimedialnej, przedszkolaki pozna\u0142y proces powstawania ksi\u0105\u017cek i korzy\u015bci jakie przynosi ich czytanie.G\u0142\u00f3wnym go\u015bciem by\u0142a nasza p.bibliotekarka &#8211; p. Gra\u017cynka, kt\u00f3ra opowiedzia\u0142a ciekawostki na temat ksi\u0105\u017cek. Bardzo dzi\u0119kujemy za spotkanie.<\/span><\/p>\n<p style=\"text-align: right;\"><em>mgr Cecylia Pierzcha\u0142a<\/em><\/p>\nngg_shortcode_0_placeholder\n","protected":false},"excerpt":{"rendered":"<p>W kwietniu obchodzili\u015bmy w przedszkolu \u015awiatowy Dzie\u0144 Ksi\u0105\u017cki. Ka\u017cde dziecko w tym dniu przynios\u0142o swoj\u0105 ulubion\u0105 ksi\u0105\u017ck\u0119, opowiedzia\u0142o sk\u0105d j\u0105 ma i jaka jest jej [&hellip;]<\/p>\n","protected":false},"author":3,"featured_media":16597,"comment_status":"closed","ping_status":"closed","sticky":false,"template":"","format":"standard","meta":{"ngg_post_thumbnail":0,"footnotes":""},"categories":[4],"tags":[],"class_list":["post-16608","post","type-post","status-publish","format-standard","has-post-thumbnail","hentry","category-aktualnosci"],"_links":{"self":[{"href":"https:\/\/www.sp11.gliwice.pl\/index.php?rest_route=\/wp\/v2\/posts\/16608","targetHints":{"allow":["GET"]}}],"collection":[{"href":"https:\/\/www.sp11.gliwice.pl\/index.php?rest_route=\/wp\/v2\/posts"}],"about":[{"href":"https:\/\/www.sp11.gliwice.pl\/index.php?rest_route=\/wp\/v2\/types\/post"}],"author":[{"embeddable":true,"href":"https:\/\/www.sp11.gliwice.pl\/index.php?rest_route=\/wp\/v2\/users\/3"}],"replies":[{"embeddable":true,"href":"https:\/\/www.sp11.gliwice.pl\/index.php?rest_route=%2Fwp%2Fv2%2Fcomments&post=16608"}],"version-history":[{"count":1,"href":"https:\/\/www.sp11.gliwice.pl\/index.php?rest_route=\/wp\/v2\/posts\/16608\/revisions"}],"predecessor-version":[{"id":16609,"href":"https:\/\/www.sp11.gliwice.pl\/index.php?rest_route=\/wp\/v2\/posts\/16608\/revisions\/16609"}],"wp:featuredmedia":[{"embeddable":true,"href":"https:\/\/www.sp11.gliwice.pl\/index.php?rest_route=\/wp\/v2\/media\/16597"}],"wp:attachment":[{"href":"https:\/\/www.sp11.gliwice.pl\/index.php?rest_route=%2Fwp%2Fv2%2Fmedia&parent=16608"}],"wp:term":[{"taxonomy":"category","embeddable":true,"href":"https:\/\/www.sp11.gliwice.pl\/index.php?rest_route=%2Fwp%2Fv2%2Fcategories&post=16608"},{"taxonomy":"post_tag","embeddable":true,"href":"https:\/\/www.sp11.gliwice.pl\/index.php?rest_route=%2Fwp%2Fv2%2Ftags&post=16608"}],"curies":[{"name":"wp","href":"https:\/\/api.w.org\/{rel}","templated":true}]}}