{"id":16571,"date":"2025-04-25T11:31:12","date_gmt":"2025-04-25T09:31:12","guid":{"rendered":"https:\/\/www.sp11.gliwice.pl\/?p=16571"},"modified":"2025-04-25T11:31:12","modified_gmt":"2025-04-25T09:31:12","slug":"dzien-ziemi%f0%9f%8c%8d","status":"publish","type":"post","link":"https:\/\/www.sp11.gliwice.pl\/?p=16571","title":{"rendered":"Dzie\u0144 Ziemi\ud83c\udf0d"},"content":{"rendered":"<p><span style=\"color: #000000;\">22 kwietnia setki milion\u00f3w ludzi na ca\u0142ym \u015bwiecie \u015bwi\u0119tuje Dzie\u0144 Ziemi.\ud83c\udf0d Idea troski o niebiesk\u0105 planet\u0119 \u0142\u0105czy niezale\u017cnie od narodowo\u015bci, wyznania, zawodu, wieku czy innych kategorii r\u00f3\u017cnicuj\u0105cych.<\/span><br \/>\n<span style=\"color: #000000;\">W dniu dzisiejszym Przedszkolaki obejrza\u0142y film edukacyjny na temat sposob\u00f3w dbania o nasz\u0105 planet\u0119.\ud83c\udfdeNast\u0119pnie wyruszy\u0142y na spacer, w trakcie kt\u00f3rego obserwowa\u0142y przyrod\u0119 i dowiedzia\u0142y si\u0119, w jaki spos\u00f3b mo\u017cna zadba\u0107 o \u015brodowisko. Po powrocie do przedszkola dzieci wykona\u0142y prace plastyczne.\ud83d\udc69\u200d\ud83c\udfa8\ud83d\udc68\u200d\ud83c\udfa8<\/span><br \/>\n<span style=\"color: #000000;\">To by\u0142 niezwykle interesuj\u0105cy dzie\u0144.Ogromnie cieszy spory zas\u00f3b wiedzy Przedszkolak\u00f3w na temat konieczno\u015bci dbania o Ziemi\u0119 .\ud83c\udf0f<\/span><\/p>\n<p style=\"text-align: right;\"><em>mgr Anna Zawrot<\/em><\/p>\n<p><img fetchpriority=\"high\" decoding=\"async\" class=\"alignnone size-medium wp-image-16572\" src=\"https:\/\/www.sp11.gliwice.pl\/wp-content\/uploads\/2025\/04\/dzien-ziemi-300x300.jpg\" alt=\"\" width=\"300\" height=\"300\" srcset=\"https:\/\/www.sp11.gliwice.pl\/wp-content\/uploads\/2025\/04\/dzien-ziemi-300x300.jpg 300w, https:\/\/www.sp11.gliwice.pl\/wp-content\/uploads\/2025\/04\/dzien-ziemi-1024x1024.jpg 1024w, https:\/\/www.sp11.gliwice.pl\/wp-content\/uploads\/2025\/04\/dzien-ziemi-150x150.jpg 150w, https:\/\/www.sp11.gliwice.pl\/wp-content\/uploads\/2025\/04\/dzien-ziemi-768x768.jpg 768w, https:\/\/www.sp11.gliwice.pl\/wp-content\/uploads\/2025\/04\/dzien-ziemi-1536x1536.jpg 1536w, https:\/\/www.sp11.gliwice.pl\/wp-content\/uploads\/2025\/04\/dzien-ziemi-2048x2048.jpg 2048w\" sizes=\"(max-width: 300px) 100vw, 300px\" \/><\/p>\n","protected":false},"excerpt":{"rendered":"<p>22 kwietnia setki milion\u00f3w ludzi na ca\u0142ym \u015bwiecie \u015bwi\u0119tuje Dzie\u0144 Ziemi.\ud83c\udf0d Idea troski o niebiesk\u0105 planet\u0119 \u0142\u0105czy niezale\u017cnie od narodowo\u015bci, wyznania, zawodu, wieku czy innych [&hellip;]<\/p>\n","protected":false},"author":3,"featured_media":16572,"comment_status":"closed","ping_status":"closed","sticky":false,"template":"","format":"standard","meta":{"ngg_post_thumbnail":0,"footnotes":""},"categories":[4],"tags":[],"class_list":["post-16571","post","type-post","status-publish","format-standard","has-post-thumbnail","hentry","category-aktualnosci"],"_links":{"self":[{"href":"https:\/\/www.sp11.gliwice.pl\/index.php?rest_route=\/wp\/v2\/posts\/16571","targetHints":{"allow":["GET"]}}],"collection":[{"href":"https:\/\/www.sp11.gliwice.pl\/index.php?rest_route=\/wp\/v2\/posts"}],"about":[{"href":"https:\/\/www.sp11.gliwice.pl\/index.php?rest_route=\/wp\/v2\/types\/post"}],"author":[{"embeddable":true,"href":"https:\/\/www.sp11.gliwice.pl\/index.php?rest_route=\/wp\/v2\/users\/3"}],"replies":[{"embeddable":true,"href":"https:\/\/www.sp11.gliwice.pl\/index.php?rest_route=%2Fwp%2Fv2%2Fcomments&post=16571"}],"version-history":[{"count":1,"href":"https:\/\/www.sp11.gliwice.pl\/index.php?rest_route=\/wp\/v2\/posts\/16571\/revisions"}],"predecessor-version":[{"id":16573,"href":"https:\/\/www.sp11.gliwice.pl\/index.php?rest_route=\/wp\/v2\/posts\/16571\/revisions\/16573"}],"wp:featuredmedia":[{"embeddable":true,"href":"https:\/\/www.sp11.gliwice.pl\/index.php?rest_route=\/wp\/v2\/media\/16572"}],"wp:attachment":[{"href":"https:\/\/www.sp11.gliwice.pl\/index.php?rest_route=%2Fwp%2Fv2%2Fmedia&parent=16571"}],"wp:term":[{"taxonomy":"category","embeddable":true,"href":"https:\/\/www.sp11.gliwice.pl\/index.php?rest_route=%2Fwp%2Fv2%2Fcategories&post=16571"},{"taxonomy":"post_tag","embeddable":true,"href":"https:\/\/www.sp11.gliwice.pl\/index.php?rest_route=%2Fwp%2Fv2%2Ftags&post=16571"}],"curies":[{"name":"wp","href":"https:\/\/api.w.org\/{rel}","templated":true}]}}