{"id":16513,"date":"2025-04-17T12:00:49","date_gmt":"2025-04-17T10:00:49","guid":{"rendered":"https:\/\/www.sp11.gliwice.pl\/?p=16513"},"modified":"2025-04-17T12:00:49","modified_gmt":"2025-04-17T10:00:49","slug":"rekolekcje-wielkopostne","status":"publish","type":"post","link":"https:\/\/www.sp11.gliwice.pl\/?p=16513","title":{"rendered":"Rekolekcje wielkopostne"},"content":{"rendered":"<p><span style=\"color: #000000;\">W dniach 10-11 kwietnia w naszej szkole odby\u0142y si\u0119 rekolekcje szkolne, kt\u00f3rym przewodniczy\u0142 o. Eric Kossi Hounake, werbista pochodz\u0105cy z Togo. Tematem przewodnim rekolekcji by\u0142a wdzi\u0119czno\u015b\u0107 za to wszystko, co mamy. Uczniowie dowiedzieli si\u0119, \u017ce szko\u0142a w Togo jest p\u0142atna. Dzieci, kt\u00f3re chodz\u0105 do szko\u0142y, s\u0105 wdzi\u0119czne Bogu za to, \u017ce mog\u0105 si\u0119 uczy\u0107. Rekolekcje nauczy\u0142y nas cieszy\u0107 si\u0119 i docenia\u0107 wszystko, co mamy.<\/span><br \/>\n<span style=\"color: #000000;\">Podczas rekolekcji odby\u0142y si\u0119 konkursy plastyczne w klasach 1-3 \u201eTradycje Wielkanocne\u201d w klasach 4-5 \u201eMoja ulubiona przypowie\u015b\u0107\u201d oraz konkurs biblijny w klasach 6-8 \u201e Przypowie\u015bci biblijne \u201d Jury czyli Pani J. Lisowska , Pani A. Rybowicz oraz Pani I. Jureczko wy\u0142oni\u0142y nast\u0119puj\u0105cych zwyci\u0119zc\u00f3w:<\/span><\/p>\n<p><strong><span style=\"color: #000000;\">KONKURS PLASTYCZNY<\/span><\/strong><br \/>\n<strong><span style=\"color: #000000;\">KATEGORIA I \u2013 III<\/span><\/strong><\/p>\n<p><span style=\"color: #000000;\">I MIEJSCE: Iga \u0141anica kl. 3a<\/span><\/p>\n<p><span style=\"color: #000000;\">II MIEJSCE: Zuzia Bartoszek kl. 1a<\/span><\/p>\n<p><span style=\"color: #000000;\">III MIEJSCE : Jagoda Krawiec kl. 2a<\/span><\/p>\n<p><span style=\"color: #000000;\">WYR\u00d3\u017bNIENIE : Tymon Krzysteczko kl. 1b<\/span><\/p>\n<p><span style=\"color: #000000;\">WYR\u00d3\u017bNIENIE : Zuzanna G\u0142u\u015bniewska kl. 1a<\/span><\/p>\n<p><strong><span style=\"color: #000000;\">KONKURS PLASTYCZNY<\/span><\/strong><br \/>\n<strong><span style=\"color: #000000;\">KATEGORIA IV &#8211; V<\/span><\/strong><\/p>\n<p><span style=\"color: #000000;\">I MIEJSCE: Oliwia Suszczyk kl.5a<\/span><\/p>\n<p><span style=\"color: #000000;\">II MIEJSCE: Katarzyna Aleksiejew kl. 5a<\/span><\/p>\n<p><span style=\"color: #000000;\">III MIEJSCE : Dudkiewicz Agata kl 4a<\/span><\/p>\n<p><span style=\"color: #000000;\">WYR\u00d3\u017bNIENIE : Badura Dominika kl. 4a<\/span><\/p>\n<p><strong><span style=\"color: #000000;\">KONKURS BIBLIJNY:<\/span><\/strong><br \/>\n<strong><span style=\"color: #000000;\">KATEGORIA V &#8211; VIII<\/span><\/strong><\/p>\n<p><span style=\"color: #000000;\">I MIEJSCE : Zuzanna W\u0105sik<\/span><\/p>\n<p><span style=\"color: #000000;\">II MIEJSCE : Zuzanna Pyka<\/span><\/p>\n<p><span style=\"color: #000000;\">III MIEJSCE: Anna Knabel<\/span><\/p>\n<p style=\"text-align: right;\"><em>mgr Joanna Schmidt<\/em><\/p>\n<h3><a href=\"https:\/\/youtube.com\/shorts\/Z-j1lEtdkww\" target=\"_blank\" rel=\"noopener\">link do filmu<\/a><\/h3>\nngg_shortcode_0_placeholder\n","protected":false},"excerpt":{"rendered":"<p>W dniach 10-11 kwietnia w naszej szkole odby\u0142y si\u0119 rekolekcje szkolne, kt\u00f3rym przewodniczy\u0142 o. Eric Kossi Hounake, werbista pochodz\u0105cy z Togo. Tematem przewodnim rekolekcji by\u0142a [&hellip;]<\/p>\n","protected":false},"author":3,"featured_media":16514,"comment_status":"closed","ping_status":"closed","sticky":false,"template":"","format":"standard","meta":{"ngg_post_thumbnail":0,"footnotes":""},"categories":[4],"tags":[],"class_list":["post-16513","post","type-post","status-publish","format-standard","has-post-thumbnail","hentry","category-aktualnosci"],"_links":{"self":[{"href":"https:\/\/www.sp11.gliwice.pl\/index.php?rest_route=\/wp\/v2\/posts\/16513","targetHints":{"allow":["GET"]}}],"collection":[{"href":"https:\/\/www.sp11.gliwice.pl\/index.php?rest_route=\/wp\/v2\/posts"}],"about":[{"href":"https:\/\/www.sp11.gliwice.pl\/index.php?rest_route=\/wp\/v2\/types\/post"}],"author":[{"embeddable":true,"href":"https:\/\/www.sp11.gliwice.pl\/index.php?rest_route=\/wp\/v2\/users\/3"}],"replies":[{"embeddable":true,"href":"https:\/\/www.sp11.gliwice.pl\/index.php?rest_route=%2Fwp%2Fv2%2Fcomments&post=16513"}],"version-history":[{"count":1,"href":"https:\/\/www.sp11.gliwice.pl\/index.php?rest_route=\/wp\/v2\/posts\/16513\/revisions"}],"predecessor-version":[{"id":16515,"href":"https:\/\/www.sp11.gliwice.pl\/index.php?rest_route=\/wp\/v2\/posts\/16513\/revisions\/16515"}],"wp:featuredmedia":[{"embeddable":true,"href":"https:\/\/www.sp11.gliwice.pl\/index.php?rest_route=\/wp\/v2\/media\/16514"}],"wp:attachment":[{"href":"https:\/\/www.sp11.gliwice.pl\/index.php?rest_route=%2Fwp%2Fv2%2Fmedia&parent=16513"}],"wp:term":[{"taxonomy":"category","embeddable":true,"href":"https:\/\/www.sp11.gliwice.pl\/index.php?rest_route=%2Fwp%2Fv2%2Fcategories&post=16513"},{"taxonomy":"post_tag","embeddable":true,"href":"https:\/\/www.sp11.gliwice.pl\/index.php?rest_route=%2Fwp%2Fv2%2Ftags&post=16513"}],"curies":[{"name":"wp","href":"https:\/\/api.w.org\/{rel}","templated":true}]}}